{"id":12188,"date":"2023-11-30T10:43:00","date_gmt":"2023-11-30T09:43:00","guid":{"rendered":"https:\/\/frequence-sille.org\/newsite\/?p=12188"},"modified":"2024-01-23T10:44:38","modified_gmt":"2024-01-23T09:44:38","slug":"emission-fcc-media-et-citoyennete","status":"publish","type":"post","link":"https:\/\/frequence-sille.org\/newsite\/2023\/11\/30\/emission-fcc-media-et-citoyennete\/","title":{"rendered":"\u00c9mission FCC-M\u00e9dia et Citoyennet\u00e9"},"content":{"rendered":"\n<p>\u00c9mission sp\u00e9ciale dans le cadre d\u2019une formation civique et citoyenne autour des m\u00e9dias et de la citoyennet\u00e9. Le mardi 28 et le mercredi 29 novembre des jeunes en service civique sont venus nous parler de diff\u00e9rents th\u00e8mes\u00a0: Lucas a choisi la coupe du monde de football des U17, ensuite Estelle a parl\u00e9 du harc\u00e8lement scolaire, Blandine a t\u00e9moign\u00e9 sur le d\u00e9crochage scolaire et Oc\u00e9ane l\u2019\u00e9volution de la place des femmes chez les pompiers.<\/p>\n\n\n\n<iframe loading=\"lazy\" scrolling=\"no\" id=\"hearthis_at_track_10599077\" width=\"100%\" height=\"150\" src=\"https:\/\/app.hearthis.at\/embed\/10599077\/transparent_black\/?hcolor=&#038;color=&#038;style=2&#038;block_size=2&#038;block_space=1&#038;background=1&#038;waveform=0&#038;cover=0&#038;autoplay=0&#038;css=\" frameborder=\"0\" allowtransparency allow=\"autoplay\"><p>Listen to <a href=\"https:\/\/hearthis.at\/frequence-sille\/emission-fcc-2023-11-29-pad\/\" target=\"_blank\" rel=\"noopener\">Emission FCC &#8211;  M\u00e9dia et Citoyennet\u00e9 &#8211; 2023 11 29<\/a> <span>by<\/span><a href=\"https:\/\/hearthis.at\/frequence-sille\/\" target=\"_blank\" rel=\"noopener\">Frequence Sill\u00e9<\/a> <span>on<\/span> <a href=\"https:\/\/hearthis.at\/\" target=\"_blank\" rel=\"noopener\">hearthis.at<\/a><\/p><\/iframe>\n\n","protected":false},"excerpt":{"rendered":"<p>\u00c9mission sp\u00e9ciale dans le cadre d\u2019une formation civique et citoyenne autour des m\u00e9dias et de la citoyennet\u00e9. Le mardi 28 et le mercredi 29 novembre des jeunes en service civique&hellip;<\/p>\n","protected":false},"author":1,"featured_media":12193,"comment_status":"closed","ping_status":"open","sticky":false,"template":"","format":"standard","meta":{"footnotes":""},"categories":[10],"tags":[],"class_list":["post-12188","post","type-post","status-publish","format-standard","has-post-thumbnail","hentry","category-jeunesse"],"yoast_head":"<!-- This site is optimized with the Yoast SEO plugin v27.5 - https:\/\/yoast.com\/product\/yoast-seo-wordpress\/ -->\n<title>\u00c9mission FCC-M\u00e9dia et Citoyennet\u00e9 - Fr\u00e9quence Sill\u00e9<\/title>\n<meta name=\"robots\" content=\"index, follow, max-snippet:-1, max-image-preview:large, max-video-preview:-1\" \/>\n<link rel=\"canonical\" href=\"https:\/\/frequence-sille.org\/newsite\/2023\/11\/30\/emission-fcc-media-et-citoyennete\/\" \/>\n<meta property=\"og:locale\" content=\"fr_FR\" \/>\n<meta property=\"og:type\" content=\"article\" \/>\n<meta property=\"og:title\" content=\"\u00c9mission FCC-M\u00e9dia et Citoyennet\u00e9 - Fr\u00e9quence Sill\u00e9\" \/>\n<meta property=\"og:description\" content=\"\u00c9mission sp\u00e9ciale dans le cadre d\u2019une formation civique et citoyenne autour des m\u00e9dias et de la citoyennet\u00e9. Le mardi 28 et le mercredi 29 novembre des jeunes en service civique&hellip;\" \/>\n<meta property=\"og:url\" content=\"https:\/\/frequence-sille.org\/newsite\/2023\/11\/30\/emission-fcc-media-et-citoyennete\/\" \/>\n<meta property=\"og:site_name\" content=\"Fr\u00e9quence Sill\u00e9\" \/>\n<meta property=\"article:publisher\" content=\"https:\/\/www.facebook.com\/frequencesille979fm\" \/>\n<meta property=\"article:published_time\" content=\"2023-11-30T09:43:00+00:00\" \/>\n<meta property=\"article:modified_time\" content=\"2024-01-23T09:44:38+00:00\" \/>\n<meta property=\"og:image\" content=\"https:\/\/frequence-sille.org\/newsite\/wp-content\/uploads\/2024\/01\/FCC.webp\" \/>\n\t<meta property=\"og:image:width\" content=\"907\" \/>\n\t<meta property=\"og:image:height\" content=\"510\" \/>\n\t<meta property=\"og:image:type\" content=\"image\/webp\" \/>\n<meta name=\"author\" content=\"Fr\u00e9quence Sill\u00e9\" \/>\n<meta name=\"twitter:card\" content=\"summary_large_image\" \/>\n<meta name=\"twitter:creator\" content=\"@freqsille979\" \/>\n<meta name=\"twitter:site\" content=\"@freqsille979\" \/>\n<meta name=\"twitter:label1\" content=\"\u00c9crit par\" \/>\n\t<meta name=\"twitter:data1\" content=\"Fr\u00e9quence Sill\u00e9\" \/>\n\t<meta name=\"twitter:label2\" content=\"Dur\u00e9e de lecture estim\u00e9e\" \/>\n\t<meta name=\"twitter:data2\" content=\"1 minute\" \/>\n<script type=\"application\/ld+json\" class=\"yoast-schema-graph\">{\"@context\":\"https:\\\/\\\/schema.org\",\"@graph\":[{\"@type\":\"Article\",\"@id\":\"https:\\\/\\\/frequence-sille.org\\\/newsite\\\/2023\\\/11\\\/30\\\/emission-fcc-media-et-citoyennete\\\/#article\",\"isPartOf\":{\"@id\":\"https:\\\/\\\/frequence-sille.org\\\/newsite\\\/2023\\\/11\\\/30\\\/emission-fcc-media-et-citoyennete\\\/\"},\"author\":{\"name\":\"Fr\u00e9quence Sill\u00e9\",\"@id\":\"https:\\\/\\\/frequence-sille.org\\\/newsite\\\/#\\\/schema\\\/person\\\/b2ef2baba58f9c81a066ca894f156fc5\"},\"headline\":\"\u00c9mission FCC-M\u00e9dia et Citoyennet\u00e9\",\"datePublished\":\"2023-11-30T09:43:00+00:00\",\"dateModified\":\"2024-01-23T09:44:38+00:00\",\"mainEntityOfPage\":{\"@id\":\"https:\\\/\\\/frequence-sille.org\\\/newsite\\\/2023\\\/11\\\/30\\\/emission-fcc-media-et-citoyennete\\\/\"},\"wordCount\":102,\"publisher\":{\"@id\":\"https:\\\/\\\/frequence-sille.org\\\/newsite\\\/#organization\"},\"image\":{\"@id\":\"https:\\\/\\\/frequence-sille.org\\\/newsite\\\/2023\\\/11\\\/30\\\/emission-fcc-media-et-citoyennete\\\/#primaryimage\"},\"thumbnailUrl\":\"https:\\\/\\\/frequence-sille.org\\\/newsite\\\/wp-content\\\/uploads\\\/2024\\\/01\\\/FCC.webp\",\"articleSection\":[\"Jeunesse\"],\"inLanguage\":\"fr-FR\"},{\"@type\":\"WebPage\",\"@id\":\"https:\\\/\\\/frequence-sille.org\\\/newsite\\\/2023\\\/11\\\/30\\\/emission-fcc-media-et-citoyennete\\\/\",\"url\":\"https:\\\/\\\/frequence-sille.org\\\/newsite\\\/2023\\\/11\\\/30\\\/emission-fcc-media-et-citoyennete\\\/\",\"name\":\"\u00c9mission FCC-M\u00e9dia et Citoyennet\u00e9 - Fr\u00e9quence Sill\u00e9\",\"isPartOf\":{\"@id\":\"https:\\\/\\\/frequence-sille.org\\\/newsite\\\/#website\"},\"primaryImageOfPage\":{\"@id\":\"https:\\\/\\\/frequence-sille.org\\\/newsite\\\/2023\\\/11\\\/30\\\/emission-fcc-media-et-citoyennete\\\/#primaryimage\"},\"image\":{\"@id\":\"https:\\\/\\\/frequence-sille.org\\\/newsite\\\/2023\\\/11\\\/30\\\/emission-fcc-media-et-citoyennete\\\/#primaryimage\"},\"thumbnailUrl\":\"https:\\\/\\\/frequence-sille.org\\\/newsite\\\/wp-content\\\/uploads\\\/2024\\\/01\\\/FCC.webp\",\"datePublished\":\"2023-11-30T09:43:00+00:00\",\"dateModified\":\"2024-01-23T09:44:38+00:00\",\"breadcrumb\":{\"@id\":\"https:\\\/\\\/frequence-sille.org\\\/newsite\\\/2023\\\/11\\\/30\\\/emission-fcc-media-et-citoyennete\\\/#breadcrumb\"},\"inLanguage\":\"fr-FR\",\"potentialAction\":[{\"@type\":\"ReadAction\",\"target\":[\"https:\\\/\\\/frequence-sille.org\\\/newsite\\\/2023\\\/11\\\/30\\\/emission-fcc-media-et-citoyennete\\\/\"]}]},{\"@type\":\"ImageObject\",\"inLanguage\":\"fr-FR\",\"@id\":\"https:\\\/\\\/frequence-sille.org\\\/newsite\\\/2023\\\/11\\\/30\\\/emission-fcc-media-et-citoyennete\\\/#primaryimage\",\"url\":\"https:\\\/\\\/frequence-sille.org\\\/newsite\\\/wp-content\\\/uploads\\\/2024\\\/01\\\/FCC.webp\",\"contentUrl\":\"https:\\\/\\\/frequence-sille.org\\\/newsite\\\/wp-content\\\/uploads\\\/2024\\\/01\\\/FCC.webp\",\"width\":907,\"height\":510},{\"@type\":\"BreadcrumbList\",\"@id\":\"https:\\\/\\\/frequence-sille.org\\\/newsite\\\/2023\\\/11\\\/30\\\/emission-fcc-media-et-citoyennete\\\/#breadcrumb\",\"itemListElement\":[{\"@type\":\"ListItem\",\"position\":1,\"name\":\"Accueil\",\"item\":\"https:\\\/\\\/frequence-sille.org\\\/newsite\\\/\"},{\"@type\":\"ListItem\",\"position\":2,\"name\":\"\u00c9mission FCC-M\u00e9dia et Citoyennet\u00e9\"}]},{\"@type\":\"WebSite\",\"@id\":\"https:\\\/\\\/frequence-sille.org\\\/newsite\\\/#website\",\"url\":\"https:\\\/\\\/frequence-sille.org\\\/newsite\\\/\",\"name\":\"Fr\u00e9quence Sill\u00e9\",\"description\":\"Bien plus qu&#039;une radio...votre radio !\",\"publisher\":{\"@id\":\"https:\\\/\\\/frequence-sille.org\\\/newsite\\\/#organization\"},\"potentialAction\":[{\"@type\":\"SearchAction\",\"target\":{\"@type\":\"EntryPoint\",\"urlTemplate\":\"https:\\\/\\\/frequence-sille.org\\\/newsite\\\/?s={search_term_string}\"},\"query-input\":{\"@type\":\"PropertyValueSpecification\",\"valueRequired\":true,\"valueName\":\"search_term_string\"}}],\"inLanguage\":\"fr-FR\"},{\"@type\":\"Organization\",\"@id\":\"https:\\\/\\\/frequence-sille.org\\\/newsite\\\/#organization\",\"name\":\"Fr\u00e9quence Sill\u00e9\",\"url\":\"https:\\\/\\\/frequence-sille.org\\\/newsite\\\/\",\"logo\":{\"@type\":\"ImageObject\",\"inLanguage\":\"fr-FR\",\"@id\":\"https:\\\/\\\/frequence-sille.org\\\/newsite\\\/#\\\/schema\\\/logo\\\/image\\\/\",\"url\":\"https:\\\/\\\/frequence-sille.org\\\/newsite\\\/wp-content\\\/uploads\\\/2023\\\/07\\\/LOGO_979_NOIR.png\",\"contentUrl\":\"https:\\\/\\\/frequence-sille.org\\\/newsite\\\/wp-content\\\/uploads\\\/2023\\\/07\\\/LOGO_979_NOIR.png\",\"width\":7680,\"height\":4320,\"caption\":\"Fr\u00e9quence Sill\u00e9\"},\"image\":{\"@id\":\"https:\\\/\\\/frequence-sille.org\\\/newsite\\\/#\\\/schema\\\/logo\\\/image\\\/\"},\"sameAs\":[\"https:\\\/\\\/www.facebook.com\\\/frequencesille979fm\",\"https:\\\/\\\/x.com\\\/freqsille979\",\"https:\\\/\\\/www.instagram.com\\\/frequencesille\\\/\"]},{\"@type\":\"Person\",\"@id\":\"https:\\\/\\\/frequence-sille.org\\\/newsite\\\/#\\\/schema\\\/person\\\/b2ef2baba58f9c81a066ca894f156fc5\",\"name\":\"Fr\u00e9quence Sill\u00e9\",\"image\":{\"@type\":\"ImageObject\",\"inLanguage\":\"fr-FR\",\"@id\":\"https:\\\/\\\/secure.gravatar.com\\\/avatar\\\/8edea065a20d07d283ef9c5595da1859244093fbe2c620eb7cb86d4a5cbb52d6?s=96&d=mm&r=g\",\"url\":\"https:\\\/\\\/secure.gravatar.com\\\/avatar\\\/8edea065a20d07d283ef9c5595da1859244093fbe2c620eb7cb86d4a5cbb52d6?s=96&d=mm&r=g\",\"contentUrl\":\"https:\\\/\\\/secure.gravatar.com\\\/avatar\\\/8edea065a20d07d283ef9c5595da1859244093fbe2c620eb7cb86d4a5cbb52d6?s=96&d=mm&r=g\",\"caption\":\"Fr\u00e9quence Sill\u00e9\"},\"url\":\"https:\\\/\\\/frequence-sille.org\\\/newsite\\\/author\\\/frequenc\\\/\"}]}<\/script>\n<!-- \/ Yoast SEO plugin. -->","yoast_head_json":{"title":"\u00c9mission FCC-M\u00e9dia et Citoyennet\u00e9 - Fr\u00e9quence Sill\u00e9","robots":{"index":"index","follow":"follow","max-snippet":"max-snippet:-1","max-image-preview":"max-image-preview:large","max-video-preview":"max-video-preview:-1"},"canonical":"https:\/\/frequence-sille.org\/newsite\/2023\/11\/30\/emission-fcc-media-et-citoyennete\/","og_locale":"fr_FR","og_type":"article","og_title":"\u00c9mission FCC-M\u00e9dia et Citoyennet\u00e9 - Fr\u00e9quence Sill\u00e9","og_description":"\u00c9mission sp\u00e9ciale dans le cadre d\u2019une formation civique et citoyenne autour des m\u00e9dias et de la citoyennet\u00e9. Le mardi 28 et le mercredi 29 novembre des jeunes en service civique&hellip;","og_url":"https:\/\/frequence-sille.org\/newsite\/2023\/11\/30\/emission-fcc-media-et-citoyennete\/","og_site_name":"Fr\u00e9quence Sill\u00e9","article_publisher":"https:\/\/www.facebook.com\/frequencesille979fm","article_published_time":"2023-11-30T09:43:00+00:00","article_modified_time":"2024-01-23T09:44:38+00:00","og_image":[{"width":907,"height":510,"url":"https:\/\/frequence-sille.org\/newsite\/wp-content\/uploads\/2024\/01\/FCC.webp","type":"image\/webp"}],"author":"Fr\u00e9quence Sill\u00e9","twitter_card":"summary_large_image","twitter_creator":"@freqsille979","twitter_site":"@freqsille979","twitter_misc":{"\u00c9crit par":"Fr\u00e9quence Sill\u00e9","Dur\u00e9e de lecture estim\u00e9e":"1 minute"},"schema":{"@context":"https:\/\/schema.org","@graph":[{"@type":"Article","@id":"https:\/\/frequence-sille.org\/newsite\/2023\/11\/30\/emission-fcc-media-et-citoyennete\/#article","isPartOf":{"@id":"https:\/\/frequence-sille.org\/newsite\/2023\/11\/30\/emission-fcc-media-et-citoyennete\/"},"author":{"name":"Fr\u00e9quence Sill\u00e9","@id":"https:\/\/frequence-sille.org\/newsite\/#\/schema\/person\/b2ef2baba58f9c81a066ca894f156fc5"},"headline":"\u00c9mission FCC-M\u00e9dia et Citoyennet\u00e9","datePublished":"2023-11-30T09:43:00+00:00","dateModified":"2024-01-23T09:44:38+00:00","mainEntityOfPage":{"@id":"https:\/\/frequence-sille.org\/newsite\/2023\/11\/30\/emission-fcc-media-et-citoyennete\/"},"wordCount":102,"publisher":{"@id":"https:\/\/frequence-sille.org\/newsite\/#organization"},"image":{"@id":"https:\/\/frequence-sille.org\/newsite\/2023\/11\/30\/emission-fcc-media-et-citoyennete\/#primaryimage"},"thumbnailUrl":"https:\/\/frequence-sille.org\/newsite\/wp-content\/uploads\/2024\/01\/FCC.webp","articleSection":["Jeunesse"],"inLanguage":"fr-FR"},{"@type":"WebPage","@id":"https:\/\/frequence-sille.org\/newsite\/2023\/11\/30\/emission-fcc-media-et-citoyennete\/","url":"https:\/\/frequence-sille.org\/newsite\/2023\/11\/30\/emission-fcc-media-et-citoyennete\/","name":"\u00c9mission FCC-M\u00e9dia et Citoyennet\u00e9 - Fr\u00e9quence Sill\u00e9","isPartOf":{"@id":"https:\/\/frequence-sille.org\/newsite\/#website"},"primaryImageOfPage":{"@id":"https:\/\/frequence-sille.org\/newsite\/2023\/11\/30\/emission-fcc-media-et-citoyennete\/#primaryimage"},"image":{"@id":"https:\/\/frequence-sille.org\/newsite\/2023\/11\/30\/emission-fcc-media-et-citoyennete\/#primaryimage"},"thumbnailUrl":"https:\/\/frequence-sille.org\/newsite\/wp-content\/uploads\/2024\/01\/FCC.webp","datePublished":"2023-11-30T09:43:00+00:00","dateModified":"2024-01-23T09:44:38+00:00","breadcrumb":{"@id":"https:\/\/frequence-sille.org\/newsite\/2023\/11\/30\/emission-fcc-media-et-citoyennete\/#breadcrumb"},"inLanguage":"fr-FR","potentialAction":[{"@type":"ReadAction","target":["https:\/\/frequence-sille.org\/newsite\/2023\/11\/30\/emission-fcc-media-et-citoyennete\/"]}]},{"@type":"ImageObject","inLanguage":"fr-FR","@id":"https:\/\/frequence-sille.org\/newsite\/2023\/11\/30\/emission-fcc-media-et-citoyennete\/#primaryimage","url":"https:\/\/frequence-sille.org\/newsite\/wp-content\/uploads\/2024\/01\/FCC.webp","contentUrl":"https:\/\/frequence-sille.org\/newsite\/wp-content\/uploads\/2024\/01\/FCC.webp","width":907,"height":510},{"@type":"BreadcrumbList","@id":"https:\/\/frequence-sille.org\/newsite\/2023\/11\/30\/emission-fcc-media-et-citoyennete\/#breadcrumb","itemListElement":[{"@type":"ListItem","position":1,"name":"Accueil","item":"https:\/\/frequence-sille.org\/newsite\/"},{"@type":"ListItem","position":2,"name":"\u00c9mission FCC-M\u00e9dia et Citoyennet\u00e9"}]},{"@type":"WebSite","@id":"https:\/\/frequence-sille.org\/newsite\/#website","url":"https:\/\/frequence-sille.org\/newsite\/","name":"Fr\u00e9quence Sill\u00e9","description":"Bien plus qu&#039;une radio...votre radio !","publisher":{"@id":"https:\/\/frequence-sille.org\/newsite\/#organization"},"potentialAction":[{"@type":"SearchAction","target":{"@type":"EntryPoint","urlTemplate":"https:\/\/frequence-sille.org\/newsite\/?s={search_term_string}"},"query-input":{"@type":"PropertyValueSpecification","valueRequired":true,"valueName":"search_term_string"}}],"inLanguage":"fr-FR"},{"@type":"Organization","@id":"https:\/\/frequence-sille.org\/newsite\/#organization","name":"Fr\u00e9quence Sill\u00e9","url":"https:\/\/frequence-sille.org\/newsite\/","logo":{"@type":"ImageObject","inLanguage":"fr-FR","@id":"https:\/\/frequence-sille.org\/newsite\/#\/schema\/logo\/image\/","url":"https:\/\/frequence-sille.org\/newsite\/wp-content\/uploads\/2023\/07\/LOGO_979_NOIR.png","contentUrl":"https:\/\/frequence-sille.org\/newsite\/wp-content\/uploads\/2023\/07\/LOGO_979_NOIR.png","width":7680,"height":4320,"caption":"Fr\u00e9quence Sill\u00e9"},"image":{"@id":"https:\/\/frequence-sille.org\/newsite\/#\/schema\/logo\/image\/"},"sameAs":["https:\/\/www.facebook.com\/frequencesille979fm","https:\/\/x.com\/freqsille979","https:\/\/www.instagram.com\/frequencesille\/"]},{"@type":"Person","@id":"https:\/\/frequence-sille.org\/newsite\/#\/schema\/person\/b2ef2baba58f9c81a066ca894f156fc5","name":"Fr\u00e9quence Sill\u00e9","image":{"@type":"ImageObject","inLanguage":"fr-FR","@id":"https:\/\/secure.gravatar.com\/avatar\/8edea065a20d07d283ef9c5595da1859244093fbe2c620eb7cb86d4a5cbb52d6?s=96&d=mm&r=g","url":"https:\/\/secure.gravatar.com\/avatar\/8edea065a20d07d283ef9c5595da1859244093fbe2c620eb7cb86d4a5cbb52d6?s=96&d=mm&r=g","contentUrl":"https:\/\/secure.gravatar.com\/avatar\/8edea065a20d07d283ef9c5595da1859244093fbe2c620eb7cb86d4a5cbb52d6?s=96&d=mm&r=g","caption":"Fr\u00e9quence Sill\u00e9"},"url":"https:\/\/frequence-sille.org\/newsite\/author\/frequenc\/"}]}},"_links":{"self":[{"href":"https:\/\/frequence-sille.org\/newsite\/wp-json\/wp\/v2\/posts\/12188","targetHints":{"allow":["GET"]}}],"collection":[{"href":"https:\/\/frequence-sille.org\/newsite\/wp-json\/wp\/v2\/posts"}],"about":[{"href":"https:\/\/frequence-sille.org\/newsite\/wp-json\/wp\/v2\/types\/post"}],"author":[{"embeddable":true,"href":"https:\/\/frequence-sille.org\/newsite\/wp-json\/wp\/v2\/users\/1"}],"replies":[{"embeddable":true,"href":"https:\/\/frequence-sille.org\/newsite\/wp-json\/wp\/v2\/comments?post=12188"}],"version-history":[{"count":2,"href":"https:\/\/frequence-sille.org\/newsite\/wp-json\/wp\/v2\/posts\/12188\/revisions"}],"predecessor-version":[{"id":12194,"href":"https:\/\/frequence-sille.org\/newsite\/wp-json\/wp\/v2\/posts\/12188\/revisions\/12194"}],"wp:featuredmedia":[{"embeddable":true,"href":"https:\/\/frequence-sille.org\/newsite\/wp-json\/wp\/v2\/media\/12193"}],"wp:attachment":[{"href":"https:\/\/frequence-sille.org\/newsite\/wp-json\/wp\/v2\/media?parent=12188"}],"wp:term":[{"taxonomy":"category","embeddable":true,"href":"https:\/\/frequence-sille.org\/newsite\/wp-json\/wp\/v2\/categories?post=12188"},{"taxonomy":"post_tag","embeddable":true,"href":"https:\/\/frequence-sille.org\/newsite\/wp-json\/wp\/v2\/tags?post=12188"}],"curies":[{"name":"wp","href":"https:\/\/api.w.org\/{rel}","templated":true}]}}