{"id":12803,"date":"2024-04-09T14:50:00","date_gmt":"2024-04-09T13:50:00","guid":{"rendered":"https:\/\/frequence-sille.org\/newsite\/?p=12803"},"modified":"2024-09-03T12:17:00","modified_gmt":"2024-09-03T11:17:00","slug":"lhebdo-de-matteo-14-la-fun-cup-avec-le-bouseuh-et-ana-on-air-le-region-pays-de-la-loire-tour","status":"publish","type":"post","link":"https:\/\/frequence-sille.org\/newsite\/2024\/04\/09\/lhebdo-de-matteo-14-la-fun-cup-avec-le-bouseuh-et-ana-on-air-le-region-pays-de-la-loire-tour\/","title":{"rendered":"L&rsquo;Hebdo de Matt\u00e9o #14 La Fun Cup avec Le Bouseuh et Ana On Air, le R\u00e9gion Pays de la Loire Tour\u2026"},"content":{"rendered":"\n<p><strong>Apr\u00e8s deux semaines de vacances Matt\u00e9o est de retour sur Fr\u00e9quence Sill\u00e9 pour un 14\u00e8me \u00e9pisode de l&rsquo;Hebdo de Matt\u00e9o !<\/strong><\/p>\n\n\n\n<p>Apr\u00e8s avoir particip\u00e9 au GP Explorer en septembre 2024 Le Bouseuh, Ana On Air et Kaatsup \u00e9taient pr\u00e9sents sur le circuit Bugatti afin de participer \u00e0 une course de Fun Cup.<\/p>\n\n\n\n<figure class=\"wp-block-gallery has-nested-images columns-default is-cropped wp-block-gallery-1 is-layout-flex wp-block-gallery-is-layout-flex\">\n<figure class=\"wp-block-image size-large\"><img loading=\"lazy\" decoding=\"async\" width=\"768\" height=\"1024\" data-id=\"12805\" src=\"https:\/\/frequence-sille.org\/newsite\/wp-content\/uploads\/2024\/04\/20240330_152832-768x1024.jpg\" alt=\"\" class=\"wp-image-12805\" srcset=\"https:\/\/frequence-sille.org\/newsite\/wp-content\/uploads\/2024\/04\/20240330_152832-768x1024.jpg 768w, https:\/\/frequence-sille.org\/newsite\/wp-content\/uploads\/2024\/04\/20240330_152832-225x300.jpg 225w, https:\/\/frequence-sille.org\/newsite\/wp-content\/uploads\/2024\/04\/20240330_152832-1152x1536.jpg 1152w, https:\/\/frequence-sille.org\/newsite\/wp-content\/uploads\/2024\/04\/20240330_152832-1536x2048.jpg 1536w, https:\/\/frequence-sille.org\/newsite\/wp-content\/uploads\/2024\/04\/20240330_152832-scaled.jpg 1920w\" sizes=\"auto, (max-width: 768px) 100vw, 768px\" \/><\/figure>\n\n\n\n<figure class=\"wp-block-image size-large\"><img loading=\"lazy\" decoding=\"async\" width=\"768\" height=\"1024\" data-id=\"12804\" src=\"https:\/\/frequence-sille.org\/newsite\/wp-content\/uploads\/2024\/04\/20240330_171627-768x1024.jpg\" alt=\"\" class=\"wp-image-12804\" srcset=\"https:\/\/frequence-sille.org\/newsite\/wp-content\/uploads\/2024\/04\/20240330_171627-768x1024.jpg 768w, https:\/\/frequence-sille.org\/newsite\/wp-content\/uploads\/2024\/04\/20240330_171627-225x300.jpg 225w, https:\/\/frequence-sille.org\/newsite\/wp-content\/uploads\/2024\/04\/20240330_171627-1152x1536.jpg 1152w, https:\/\/frequence-sille.org\/newsite\/wp-content\/uploads\/2024\/04\/20240330_171627-1536x2048.jpg 1536w, https:\/\/frequence-sille.org\/newsite\/wp-content\/uploads\/2024\/04\/20240330_171627-scaled.jpg 1920w\" sizes=\"auto, (max-width: 768px) 100vw, 768px\" \/><\/figure>\n\n\n\n<figure class=\"wp-block-image size-large\"><img loading=\"lazy\" decoding=\"async\" width=\"768\" height=\"1024\" data-id=\"12806\" src=\"https:\/\/frequence-sille.org\/newsite\/wp-content\/uploads\/2024\/04\/20240330_154435-768x1024.jpg\" alt=\"\" class=\"wp-image-12806\" srcset=\"https:\/\/frequence-sille.org\/newsite\/wp-content\/uploads\/2024\/04\/20240330_154435-768x1024.jpg 768w, https:\/\/frequence-sille.org\/newsite\/wp-content\/uploads\/2024\/04\/20240330_154435-225x300.jpg 225w, https:\/\/frequence-sille.org\/newsite\/wp-content\/uploads\/2024\/04\/20240330_154435-1152x1536.jpg 1152w, https:\/\/frequence-sille.org\/newsite\/wp-content\/uploads\/2024\/04\/20240330_154435-1536x2048.jpg 1536w, https:\/\/frequence-sille.org\/newsite\/wp-content\/uploads\/2024\/04\/20240330_154435-scaled.jpg 1920w\" sizes=\"auto, (max-width: 768px) 100vw, 768px\" \/><\/figure>\n<\/figure>\n\n\n\n<figure class=\"wp-block-embed is-type-wp-embed is-provider-hearthis-at wp-block-embed-hearthis-at\"><div class=\"wp-block-embed__wrapper\">\n<iframe loading=\"lazy\" class=\"wp-embedded-content\" sandbox=\"allow-scripts\" security=\"restricted\" title=\"D\u00e9couvrez la Fun Cup avec Le Bouseuh et Ana On Air\" scrolling=\"no\" width=\"100%\" height=\"150\" src=\"https:\/\/hearthis.at\/embed\/11028595\/transparent\/?style=2&#038;block_size=2&#038;block_space=2&#038;background=1#?secret=CpyMs6Or9S\" data-secret=\"CpyMs6Or9S\" frameborder=\"0\"><\/iframe>\n<\/div><\/figure>\n\n\n\n<div style=\"height:43px\" aria-hidden=\"true\" class=\"wp-block-spacer\"><\/div>\n\n\n\n<p>Du 2 au 5 avril le R\u00e9gion Pays de la Loire Tour \u00e9tait de retour pour une deuxi\u00e8me \u00e9dition. L\u2019\u00e9tape finale s\u2019est enti\u00e8rement d\u00e9roul\u00e9e dans notre d\u00e9partement, avec un d\u00e9part \u00e0 Marolles-les Braults et une arriv\u00e9e au Mans. Matt\u00e9o en a profit\u00e9 pour infiltrer la course et vous la faire vivre de l\u2019int\u00e9rieur \u00e0 travers diff\u00e9rentes interviews.<\/p>\n\n\n\n<figure class=\"wp-block-gallery has-nested-images columns-default is-cropped wp-block-gallery-2 is-layout-flex wp-block-gallery-is-layout-flex\">\n<figure class=\"wp-block-image size-large\"><img loading=\"lazy\" decoding=\"async\" width=\"1024\" height=\"575\" data-id=\"12809\" src=\"https:\/\/frequence-sille.org\/newsite\/wp-content\/uploads\/2024\/04\/20240405165557_IMG_5992-1024x575.jpg\" alt=\"\" class=\"wp-image-12809\" srcset=\"https:\/\/frequence-sille.org\/newsite\/wp-content\/uploads\/2024\/04\/20240405165557_IMG_5992-1024x575.jpg 1024w, https:\/\/frequence-sille.org\/newsite\/wp-content\/uploads\/2024\/04\/20240405165557_IMG_5992-300x169.jpg 300w, https:\/\/frequence-sille.org\/newsite\/wp-content\/uploads\/2024\/04\/20240405165557_IMG_5992-768x431.jpg 768w, https:\/\/frequence-sille.org\/newsite\/wp-content\/uploads\/2024\/04\/20240405165557_IMG_5992-1536x863.jpg 1536w, https:\/\/frequence-sille.org\/newsite\/wp-content\/uploads\/2024\/04\/20240405165557_IMG_5992-2048x1150.jpg 2048w\" sizes=\"auto, (max-width: 1024px) 100vw, 1024px\" \/><\/figure>\n\n\n\n<figure class=\"wp-block-image size-large\"><img loading=\"lazy\" decoding=\"async\" width=\"1024\" height=\"575\" data-id=\"12807\" src=\"https:\/\/frequence-sille.org\/newsite\/wp-content\/uploads\/2024\/04\/20240405144707_IMG_5835-1024x575.jpg\" alt=\"\" class=\"wp-image-12807\" srcset=\"https:\/\/frequence-sille.org\/newsite\/wp-content\/uploads\/2024\/04\/20240405144707_IMG_5835-1024x575.jpg 1024w, https:\/\/frequence-sille.org\/newsite\/wp-content\/uploads\/2024\/04\/20240405144707_IMG_5835-300x169.jpg 300w, https:\/\/frequence-sille.org\/newsite\/wp-content\/uploads\/2024\/04\/20240405144707_IMG_5835-768x431.jpg 768w, https:\/\/frequence-sille.org\/newsite\/wp-content\/uploads\/2024\/04\/20240405144707_IMG_5835-1536x863.jpg 1536w, https:\/\/frequence-sille.org\/newsite\/wp-content\/uploads\/2024\/04\/20240405144707_IMG_5835-2048x1150.jpg 2048w\" sizes=\"auto, (max-width: 1024px) 100vw, 1024px\" \/><\/figure>\n\n\n\n<figure class=\"wp-block-image size-large\"><img loading=\"lazy\" decoding=\"async\" width=\"1024\" height=\"575\" data-id=\"12808\" src=\"https:\/\/frequence-sille.org\/newsite\/wp-content\/uploads\/2024\/04\/20240405160909_IMG_5891-1024x575.jpg\" alt=\"\" class=\"wp-image-12808\" srcset=\"https:\/\/frequence-sille.org\/newsite\/wp-content\/uploads\/2024\/04\/20240405160909_IMG_5891-1024x575.jpg 1024w, https:\/\/frequence-sille.org\/newsite\/wp-content\/uploads\/2024\/04\/20240405160909_IMG_5891-300x169.jpg 300w, https:\/\/frequence-sille.org\/newsite\/wp-content\/uploads\/2024\/04\/20240405160909_IMG_5891-768x431.jpg 768w, https:\/\/frequence-sille.org\/newsite\/wp-content\/uploads\/2024\/04\/20240405160909_IMG_5891-1536x863.jpg 1536w, https:\/\/frequence-sille.org\/newsite\/wp-content\/uploads\/2024\/04\/20240405160909_IMG_5891-2048x1150.jpg 2048w\" sizes=\"auto, (max-width: 1024px) 100vw, 1024px\" \/><\/figure>\n<\/figure>\n\n\n\n<figure class=\"wp-block-embed is-type-wp-embed is-provider-hearthis-at wp-block-embed-hearthis-at\"><div class=\"wp-block-embed__wrapper\">\n<iframe loading=\"lazy\" class=\"wp-embedded-content\" sandbox=\"allow-scripts\" security=\"restricted\" title=\"Au coeur du R\u00e9gion Pays de la Loire Tour\" scrolling=\"no\" width=\"100%\" height=\"150\" src=\"https:\/\/hearthis.at\/embed\/11028602\/transparent\/?style=2&#038;block_size=2&#038;block_space=2&#038;background=1#?secret=WsF2dCAWd9\" data-secret=\"WsF2dCAWd9\" frameborder=\"0\"><\/iframe>\n<\/div><\/figure>\n\n\n\n<div style=\"height:48px\" aria-hidden=\"true\" class=\"wp-block-spacer\"><\/div>\n\n\n\n<p>Si vous souhaitez \u00e9couter l&rsquo;\u00e9mission dans son int\u00e9gralit\u00e9:<\/p>\n\n\n\n<figure class=\"wp-block-embed is-type-wp-embed is-provider-hearthis-at wp-block-embed-hearthis-at\"><div class=\"wp-block-embed__wrapper\">\n<iframe loading=\"lazy\" class=\"wp-embedded-content\" sandbox=\"allow-scripts\" security=\"restricted\" title=\"L&#039;Hebdo de Matt\u00e9o #14 La Fun Cup avec Le Bouseuh et Ana On Air, le R\u00e9gion Pays de la Loire Tour...\" scrolling=\"no\" width=\"100%\" height=\"150\" src=\"https:\/\/hearthis.at\/embed\/11028593\/transparent\/?style=2&#038;block_size=2&#038;block_space=2&#038;background=1#?secret=4gHMyYws5t\" data-secret=\"4gHMyYws5t\" frameborder=\"0\"><\/iframe>\n<\/div><\/figure>\n\n\n\n<p class=\"has-text-align-right\"><em>Article \u00e9crit par Matt\u00e9o Lebreton<\/em><\/p>\n","protected":false},"excerpt":{"rendered":"<p>Apr\u00e8s deux semaines de vacances Matt\u00e9o est de retour sur Fr\u00e9quence Sill\u00e9 pour un 14\u00e8me \u00e9pisode de l&rsquo;Hebdo de Matt\u00e9o ! Apr\u00e8s avoir particip\u00e9 au GP Explorer en septembre 2024&hellip;<\/p>\n","protected":false},"author":1,"featured_media":12806,"comment_status":"closed","ping_status":"open","sticky":false,"template":"","format":"standard","meta":{"footnotes":""},"categories":[1],"tags":[],"class_list":["post-12803","post","type-post","status-publish","format-standard","has-post-thumbnail","hentry","category-non-classe"],"yoast_head":"<!-- This site is optimized with the Yoast SEO plugin v27.5 - https:\/\/yoast.com\/product\/yoast-seo-wordpress\/ -->\n<title>L&#039;Hebdo de Matt\u00e9o #14 La Fun Cup avec Le Bouseuh et Ana On Air, le R\u00e9gion Pays de la Loire Tour\u2026 - Fr\u00e9quence Sill\u00e9<\/title>\n<meta name=\"robots\" content=\"index, follow, max-snippet:-1, max-image-preview:large, max-video-preview:-1\" \/>\n<link rel=\"canonical\" href=\"https:\/\/frequence-sille.org\/newsite\/2024\/04\/09\/lhebdo-de-matteo-14-la-fun-cup-avec-le-bouseuh-et-ana-on-air-le-region-pays-de-la-loire-tour\/\" \/>\n<meta property=\"og:locale\" content=\"fr_FR\" \/>\n<meta property=\"og:type\" content=\"article\" \/>\n<meta property=\"og:title\" content=\"L&#039;Hebdo de Matt\u00e9o #14 La Fun Cup avec Le Bouseuh et Ana On Air, le R\u00e9gion Pays de la Loire Tour\u2026 - Fr\u00e9quence Sill\u00e9\" \/>\n<meta property=\"og:description\" content=\"Apr\u00e8s deux semaines de vacances Matt\u00e9o est de retour sur Fr\u00e9quence Sill\u00e9 pour un 14\u00e8me \u00e9pisode de l&rsquo;Hebdo de Matt\u00e9o ! Apr\u00e8s avoir particip\u00e9 au GP Explorer en septembre 2024&hellip;\" \/>\n<meta property=\"og:url\" content=\"https:\/\/frequence-sille.org\/newsite\/2024\/04\/09\/lhebdo-de-matteo-14-la-fun-cup-avec-le-bouseuh-et-ana-on-air-le-region-pays-de-la-loire-tour\/\" \/>\n<meta property=\"og:site_name\" content=\"Fr\u00e9quence Sill\u00e9\" \/>\n<meta property=\"article:publisher\" content=\"https:\/\/www.facebook.com\/frequencesille979fm\" \/>\n<meta property=\"article:published_time\" content=\"2024-04-09T13:50:00+00:00\" \/>\n<meta property=\"article:modified_time\" content=\"2024-09-03T11:17:00+00:00\" \/>\n<meta property=\"og:image\" content=\"https:\/\/frequence-sille.org\/newsite\/wp-content\/uploads\/2024\/04\/20240330_154435-scaled.jpg\" \/>\n\t<meta property=\"og:image:width\" content=\"1920\" \/>\n\t<meta property=\"og:image:height\" content=\"2560\" \/>\n\t<meta property=\"og:image:type\" content=\"image\/jpeg\" \/>\n<meta name=\"author\" content=\"Fr\u00e9quence Sill\u00e9\" \/>\n<meta name=\"twitter:card\" content=\"summary_large_image\" \/>\n<meta name=\"twitter:creator\" content=\"@freqsille979\" \/>\n<meta name=\"twitter:site\" content=\"@freqsille979\" \/>\n<meta name=\"twitter:label1\" content=\"\u00c9crit par\" \/>\n\t<meta name=\"twitter:data1\" content=\"Fr\u00e9quence Sill\u00e9\" \/>\n\t<meta name=\"twitter:label2\" content=\"Dur\u00e9e de lecture estim\u00e9e\" \/>\n\t<meta name=\"twitter:data2\" content=\"3 minutes\" \/>\n<script type=\"application\/ld+json\" class=\"yoast-schema-graph\">{\"@context\":\"https:\\\/\\\/schema.org\",\"@graph\":[{\"@type\":\"Article\",\"@id\":\"https:\\\/\\\/frequence-sille.org\\\/newsite\\\/2024\\\/04\\\/09\\\/lhebdo-de-matteo-14-la-fun-cup-avec-le-bouseuh-et-ana-on-air-le-region-pays-de-la-loire-tour\\\/#article\",\"isPartOf\":{\"@id\":\"https:\\\/\\\/frequence-sille.org\\\/newsite\\\/2024\\\/04\\\/09\\\/lhebdo-de-matteo-14-la-fun-cup-avec-le-bouseuh-et-ana-on-air-le-region-pays-de-la-loire-tour\\\/\"},\"author\":{\"name\":\"Fr\u00e9quence Sill\u00e9\",\"@id\":\"https:\\\/\\\/frequence-sille.org\\\/newsite\\\/#\\\/schema\\\/person\\\/b2ef2baba58f9c81a066ca894f156fc5\"},\"headline\":\"L&rsquo;Hebdo de Matt\u00e9o #14 La Fun Cup avec Le Bouseuh et Ana On Air, le R\u00e9gion Pays de la Loire Tour\u2026\",\"datePublished\":\"2024-04-09T13:50:00+00:00\",\"dateModified\":\"2024-09-03T11:17:00+00:00\",\"mainEntityOfPage\":{\"@id\":\"https:\\\/\\\/frequence-sille.org\\\/newsite\\\/2024\\\/04\\\/09\\\/lhebdo-de-matteo-14-la-fun-cup-avec-le-bouseuh-et-ana-on-air-le-region-pays-de-la-loire-tour\\\/\"},\"wordCount\":176,\"publisher\":{\"@id\":\"https:\\\/\\\/frequence-sille.org\\\/newsite\\\/#organization\"},\"image\":{\"@id\":\"https:\\\/\\\/frequence-sille.org\\\/newsite\\\/2024\\\/04\\\/09\\\/lhebdo-de-matteo-14-la-fun-cup-avec-le-bouseuh-et-ana-on-air-le-region-pays-de-la-loire-tour\\\/#primaryimage\"},\"thumbnailUrl\":\"https:\\\/\\\/frequence-sille.org\\\/newsite\\\/wp-content\\\/uploads\\\/2024\\\/04\\\/20240330_154435-scaled.jpg\",\"inLanguage\":\"fr-FR\"},{\"@type\":\"WebPage\",\"@id\":\"https:\\\/\\\/frequence-sille.org\\\/newsite\\\/2024\\\/04\\\/09\\\/lhebdo-de-matteo-14-la-fun-cup-avec-le-bouseuh-et-ana-on-air-le-region-pays-de-la-loire-tour\\\/\",\"url\":\"https:\\\/\\\/frequence-sille.org\\\/newsite\\\/2024\\\/04\\\/09\\\/lhebdo-de-matteo-14-la-fun-cup-avec-le-bouseuh-et-ana-on-air-le-region-pays-de-la-loire-tour\\\/\",\"name\":\"L'Hebdo de Matt\u00e9o #14 La Fun Cup avec Le Bouseuh et Ana On Air, le R\u00e9gion Pays de la Loire Tour\u2026 - Fr\u00e9quence Sill\u00e9\",\"isPartOf\":{\"@id\":\"https:\\\/\\\/frequence-sille.org\\\/newsite\\\/#website\"},\"primaryImageOfPage\":{\"@id\":\"https:\\\/\\\/frequence-sille.org\\\/newsite\\\/2024\\\/04\\\/09\\\/lhebdo-de-matteo-14-la-fun-cup-avec-le-bouseuh-et-ana-on-air-le-region-pays-de-la-loire-tour\\\/#primaryimage\"},\"image\":{\"@id\":\"https:\\\/\\\/frequence-sille.org\\\/newsite\\\/2024\\\/04\\\/09\\\/lhebdo-de-matteo-14-la-fun-cup-avec-le-bouseuh-et-ana-on-air-le-region-pays-de-la-loire-tour\\\/#primaryimage\"},\"thumbnailUrl\":\"https:\\\/\\\/frequence-sille.org\\\/newsite\\\/wp-content\\\/uploads\\\/2024\\\/04\\\/20240330_154435-scaled.jpg\",\"datePublished\":\"2024-04-09T13:50:00+00:00\",\"dateModified\":\"2024-09-03T11:17:00+00:00\",\"breadcrumb\":{\"@id\":\"https:\\\/\\\/frequence-sille.org\\\/newsite\\\/2024\\\/04\\\/09\\\/lhebdo-de-matteo-14-la-fun-cup-avec-le-bouseuh-et-ana-on-air-le-region-pays-de-la-loire-tour\\\/#breadcrumb\"},\"inLanguage\":\"fr-FR\",\"potentialAction\":[{\"@type\":\"ReadAction\",\"target\":[\"https:\\\/\\\/frequence-sille.org\\\/newsite\\\/2024\\\/04\\\/09\\\/lhebdo-de-matteo-14-la-fun-cup-avec-le-bouseuh-et-ana-on-air-le-region-pays-de-la-loire-tour\\\/\"]}]},{\"@type\":\"ImageObject\",\"inLanguage\":\"fr-FR\",\"@id\":\"https:\\\/\\\/frequence-sille.org\\\/newsite\\\/2024\\\/04\\\/09\\\/lhebdo-de-matteo-14-la-fun-cup-avec-le-bouseuh-et-ana-on-air-le-region-pays-de-la-loire-tour\\\/#primaryimage\",\"url\":\"https:\\\/\\\/frequence-sille.org\\\/newsite\\\/wp-content\\\/uploads\\\/2024\\\/04\\\/20240330_154435-scaled.jpg\",\"contentUrl\":\"https:\\\/\\\/frequence-sille.org\\\/newsite\\\/wp-content\\\/uploads\\\/2024\\\/04\\\/20240330_154435-scaled.jpg\",\"width\":1920,\"height\":2560},{\"@type\":\"BreadcrumbList\",\"@id\":\"https:\\\/\\\/frequence-sille.org\\\/newsite\\\/2024\\\/04\\\/09\\\/lhebdo-de-matteo-14-la-fun-cup-avec-le-bouseuh-et-ana-on-air-le-region-pays-de-la-loire-tour\\\/#breadcrumb\",\"itemListElement\":[{\"@type\":\"ListItem\",\"position\":1,\"name\":\"Accueil\",\"item\":\"https:\\\/\\\/frequence-sille.org\\\/newsite\\\/\"},{\"@type\":\"ListItem\",\"position\":2,\"name\":\"L&#8217;Hebdo de Matt\u00e9o #14 La Fun Cup avec Le Bouseuh et Ana On Air, le R\u00e9gion Pays de la Loire Tour\u2026\"}]},{\"@type\":\"WebSite\",\"@id\":\"https:\\\/\\\/frequence-sille.org\\\/newsite\\\/#website\",\"url\":\"https:\\\/\\\/frequence-sille.org\\\/newsite\\\/\",\"name\":\"Fr\u00e9quence Sill\u00e9\",\"description\":\"Bien plus qu&#039;une radio...votre radio !\",\"publisher\":{\"@id\":\"https:\\\/\\\/frequence-sille.org\\\/newsite\\\/#organization\"},\"potentialAction\":[{\"@type\":\"SearchAction\",\"target\":{\"@type\":\"EntryPoint\",\"urlTemplate\":\"https:\\\/\\\/frequence-sille.org\\\/newsite\\\/?s={search_term_string}\"},\"query-input\":{\"@type\":\"PropertyValueSpecification\",\"valueRequired\":true,\"valueName\":\"search_term_string\"}}],\"inLanguage\":\"fr-FR\"},{\"@type\":\"Organization\",\"@id\":\"https:\\\/\\\/frequence-sille.org\\\/newsite\\\/#organization\",\"name\":\"Fr\u00e9quence Sill\u00e9\",\"url\":\"https:\\\/\\\/frequence-sille.org\\\/newsite\\\/\",\"logo\":{\"@type\":\"ImageObject\",\"inLanguage\":\"fr-FR\",\"@id\":\"https:\\\/\\\/frequence-sille.org\\\/newsite\\\/#\\\/schema\\\/logo\\\/image\\\/\",\"url\":\"https:\\\/\\\/frequence-sille.org\\\/newsite\\\/wp-content\\\/uploads\\\/2023\\\/07\\\/LOGO_979_NOIR.png\",\"contentUrl\":\"https:\\\/\\\/frequence-sille.org\\\/newsite\\\/wp-content\\\/uploads\\\/2023\\\/07\\\/LOGO_979_NOIR.png\",\"width\":7680,\"height\":4320,\"caption\":\"Fr\u00e9quence Sill\u00e9\"},\"image\":{\"@id\":\"https:\\\/\\\/frequence-sille.org\\\/newsite\\\/#\\\/schema\\\/logo\\\/image\\\/\"},\"sameAs\":[\"https:\\\/\\\/www.facebook.com\\\/frequencesille979fm\",\"https:\\\/\\\/x.com\\\/freqsille979\",\"https:\\\/\\\/www.instagram.com\\\/frequencesille\\\/\"]},{\"@type\":\"Person\",\"@id\":\"https:\\\/\\\/frequence-sille.org\\\/newsite\\\/#\\\/schema\\\/person\\\/b2ef2baba58f9c81a066ca894f156fc5\",\"name\":\"Fr\u00e9quence Sill\u00e9\",\"image\":{\"@type\":\"ImageObject\",\"inLanguage\":\"fr-FR\",\"@id\":\"https:\\\/\\\/secure.gravatar.com\\\/avatar\\\/8edea065a20d07d283ef9c5595da1859244093fbe2c620eb7cb86d4a5cbb52d6?s=96&d=mm&r=g\",\"url\":\"https:\\\/\\\/secure.gravatar.com\\\/avatar\\\/8edea065a20d07d283ef9c5595da1859244093fbe2c620eb7cb86d4a5cbb52d6?s=96&d=mm&r=g\",\"contentUrl\":\"https:\\\/\\\/secure.gravatar.com\\\/avatar\\\/8edea065a20d07d283ef9c5595da1859244093fbe2c620eb7cb86d4a5cbb52d6?s=96&d=mm&r=g\",\"caption\":\"Fr\u00e9quence Sill\u00e9\"},\"url\":\"https:\\\/\\\/frequence-sille.org\\\/newsite\\\/author\\\/frequenc\\\/\"}]}<\/script>\n<!-- \/ Yoast SEO plugin. -->","yoast_head_json":{"title":"L'Hebdo de Matt\u00e9o #14 La Fun Cup avec Le Bouseuh et Ana On Air, le R\u00e9gion Pays de la Loire Tour\u2026 - Fr\u00e9quence Sill\u00e9","robots":{"index":"index","follow":"follow","max-snippet":"max-snippet:-1","max-image-preview":"max-image-preview:large","max-video-preview":"max-video-preview:-1"},"canonical":"https:\/\/frequence-sille.org\/newsite\/2024\/04\/09\/lhebdo-de-matteo-14-la-fun-cup-avec-le-bouseuh-et-ana-on-air-le-region-pays-de-la-loire-tour\/","og_locale":"fr_FR","og_type":"article","og_title":"L'Hebdo de Matt\u00e9o #14 La Fun Cup avec Le Bouseuh et Ana On Air, le R\u00e9gion Pays de la Loire Tour\u2026 - Fr\u00e9quence Sill\u00e9","og_description":"Apr\u00e8s deux semaines de vacances Matt\u00e9o est de retour sur Fr\u00e9quence Sill\u00e9 pour un 14\u00e8me \u00e9pisode de l&rsquo;Hebdo de Matt\u00e9o ! Apr\u00e8s avoir particip\u00e9 au GP Explorer en septembre 2024&hellip;","og_url":"https:\/\/frequence-sille.org\/newsite\/2024\/04\/09\/lhebdo-de-matteo-14-la-fun-cup-avec-le-bouseuh-et-ana-on-air-le-region-pays-de-la-loire-tour\/","og_site_name":"Fr\u00e9quence Sill\u00e9","article_publisher":"https:\/\/www.facebook.com\/frequencesille979fm","article_published_time":"2024-04-09T13:50:00+00:00","article_modified_time":"2024-09-03T11:17:00+00:00","og_image":[{"width":1920,"height":2560,"url":"https:\/\/frequence-sille.org\/newsite\/wp-content\/uploads\/2024\/04\/20240330_154435-scaled.jpg","type":"image\/jpeg"}],"author":"Fr\u00e9quence Sill\u00e9","twitter_card":"summary_large_image","twitter_creator":"@freqsille979","twitter_site":"@freqsille979","twitter_misc":{"\u00c9crit par":"Fr\u00e9quence Sill\u00e9","Dur\u00e9e de lecture estim\u00e9e":"3 minutes"},"schema":{"@context":"https:\/\/schema.org","@graph":[{"@type":"Article","@id":"https:\/\/frequence-sille.org\/newsite\/2024\/04\/09\/lhebdo-de-matteo-14-la-fun-cup-avec-le-bouseuh-et-ana-on-air-le-region-pays-de-la-loire-tour\/#article","isPartOf":{"@id":"https:\/\/frequence-sille.org\/newsite\/2024\/04\/09\/lhebdo-de-matteo-14-la-fun-cup-avec-le-bouseuh-et-ana-on-air-le-region-pays-de-la-loire-tour\/"},"author":{"name":"Fr\u00e9quence Sill\u00e9","@id":"https:\/\/frequence-sille.org\/newsite\/#\/schema\/person\/b2ef2baba58f9c81a066ca894f156fc5"},"headline":"L&rsquo;Hebdo de Matt\u00e9o #14 La Fun Cup avec Le Bouseuh et Ana On Air, le R\u00e9gion Pays de la Loire Tour\u2026","datePublished":"2024-04-09T13:50:00+00:00","dateModified":"2024-09-03T11:17:00+00:00","mainEntityOfPage":{"@id":"https:\/\/frequence-sille.org\/newsite\/2024\/04\/09\/lhebdo-de-matteo-14-la-fun-cup-avec-le-bouseuh-et-ana-on-air-le-region-pays-de-la-loire-tour\/"},"wordCount":176,"publisher":{"@id":"https:\/\/frequence-sille.org\/newsite\/#organization"},"image":{"@id":"https:\/\/frequence-sille.org\/newsite\/2024\/04\/09\/lhebdo-de-matteo-14-la-fun-cup-avec-le-bouseuh-et-ana-on-air-le-region-pays-de-la-loire-tour\/#primaryimage"},"thumbnailUrl":"https:\/\/frequence-sille.org\/newsite\/wp-content\/uploads\/2024\/04\/20240330_154435-scaled.jpg","inLanguage":"fr-FR"},{"@type":"WebPage","@id":"https:\/\/frequence-sille.org\/newsite\/2024\/04\/09\/lhebdo-de-matteo-14-la-fun-cup-avec-le-bouseuh-et-ana-on-air-le-region-pays-de-la-loire-tour\/","url":"https:\/\/frequence-sille.org\/newsite\/2024\/04\/09\/lhebdo-de-matteo-14-la-fun-cup-avec-le-bouseuh-et-ana-on-air-le-region-pays-de-la-loire-tour\/","name":"L'Hebdo de Matt\u00e9o #14 La Fun Cup avec Le Bouseuh et Ana On Air, le R\u00e9gion Pays de la Loire Tour\u2026 - Fr\u00e9quence Sill\u00e9","isPartOf":{"@id":"https:\/\/frequence-sille.org\/newsite\/#website"},"primaryImageOfPage":{"@id":"https:\/\/frequence-sille.org\/newsite\/2024\/04\/09\/lhebdo-de-matteo-14-la-fun-cup-avec-le-bouseuh-et-ana-on-air-le-region-pays-de-la-loire-tour\/#primaryimage"},"image":{"@id":"https:\/\/frequence-sille.org\/newsite\/2024\/04\/09\/lhebdo-de-matteo-14-la-fun-cup-avec-le-bouseuh-et-ana-on-air-le-region-pays-de-la-loire-tour\/#primaryimage"},"thumbnailUrl":"https:\/\/frequence-sille.org\/newsite\/wp-content\/uploads\/2024\/04\/20240330_154435-scaled.jpg","datePublished":"2024-04-09T13:50:00+00:00","dateModified":"2024-09-03T11:17:00+00:00","breadcrumb":{"@id":"https:\/\/frequence-sille.org\/newsite\/2024\/04\/09\/lhebdo-de-matteo-14-la-fun-cup-avec-le-bouseuh-et-ana-on-air-le-region-pays-de-la-loire-tour\/#breadcrumb"},"inLanguage":"fr-FR","potentialAction":[{"@type":"ReadAction","target":["https:\/\/frequence-sille.org\/newsite\/2024\/04\/09\/lhebdo-de-matteo-14-la-fun-cup-avec-le-bouseuh-et-ana-on-air-le-region-pays-de-la-loire-tour\/"]}]},{"@type":"ImageObject","inLanguage":"fr-FR","@id":"https:\/\/frequence-sille.org\/newsite\/2024\/04\/09\/lhebdo-de-matteo-14-la-fun-cup-avec-le-bouseuh-et-ana-on-air-le-region-pays-de-la-loire-tour\/#primaryimage","url":"https:\/\/frequence-sille.org\/newsite\/wp-content\/uploads\/2024\/04\/20240330_154435-scaled.jpg","contentUrl":"https:\/\/frequence-sille.org\/newsite\/wp-content\/uploads\/2024\/04\/20240330_154435-scaled.jpg","width":1920,"height":2560},{"@type":"BreadcrumbList","@id":"https:\/\/frequence-sille.org\/newsite\/2024\/04\/09\/lhebdo-de-matteo-14-la-fun-cup-avec-le-bouseuh-et-ana-on-air-le-region-pays-de-la-loire-tour\/#breadcrumb","itemListElement":[{"@type":"ListItem","position":1,"name":"Accueil","item":"https:\/\/frequence-sille.org\/newsite\/"},{"@type":"ListItem","position":2,"name":"L&#8217;Hebdo de Matt\u00e9o #14 La Fun Cup avec Le Bouseuh et Ana On Air, le R\u00e9gion Pays de la Loire Tour\u2026"}]},{"@type":"WebSite","@id":"https:\/\/frequence-sille.org\/newsite\/#website","url":"https:\/\/frequence-sille.org\/newsite\/","name":"Fr\u00e9quence Sill\u00e9","description":"Bien plus qu&#039;une radio...votre radio !","publisher":{"@id":"https:\/\/frequence-sille.org\/newsite\/#organization"},"potentialAction":[{"@type":"SearchAction","target":{"@type":"EntryPoint","urlTemplate":"https:\/\/frequence-sille.org\/newsite\/?s={search_term_string}"},"query-input":{"@type":"PropertyValueSpecification","valueRequired":true,"valueName":"search_term_string"}}],"inLanguage":"fr-FR"},{"@type":"Organization","@id":"https:\/\/frequence-sille.org\/newsite\/#organization","name":"Fr\u00e9quence Sill\u00e9","url":"https:\/\/frequence-sille.org\/newsite\/","logo":{"@type":"ImageObject","inLanguage":"fr-FR","@id":"https:\/\/frequence-sille.org\/newsite\/#\/schema\/logo\/image\/","url":"https:\/\/frequence-sille.org\/newsite\/wp-content\/uploads\/2023\/07\/LOGO_979_NOIR.png","contentUrl":"https:\/\/frequence-sille.org\/newsite\/wp-content\/uploads\/2023\/07\/LOGO_979_NOIR.png","width":7680,"height":4320,"caption":"Fr\u00e9quence Sill\u00e9"},"image":{"@id":"https:\/\/frequence-sille.org\/newsite\/#\/schema\/logo\/image\/"},"sameAs":["https:\/\/www.facebook.com\/frequencesille979fm","https:\/\/x.com\/freqsille979","https:\/\/www.instagram.com\/frequencesille\/"]},{"@type":"Person","@id":"https:\/\/frequence-sille.org\/newsite\/#\/schema\/person\/b2ef2baba58f9c81a066ca894f156fc5","name":"Fr\u00e9quence Sill\u00e9","image":{"@type":"ImageObject","inLanguage":"fr-FR","@id":"https:\/\/secure.gravatar.com\/avatar\/8edea065a20d07d283ef9c5595da1859244093fbe2c620eb7cb86d4a5cbb52d6?s=96&d=mm&r=g","url":"https:\/\/secure.gravatar.com\/avatar\/8edea065a20d07d283ef9c5595da1859244093fbe2c620eb7cb86d4a5cbb52d6?s=96&d=mm&r=g","contentUrl":"https:\/\/secure.gravatar.com\/avatar\/8edea065a20d07d283ef9c5595da1859244093fbe2c620eb7cb86d4a5cbb52d6?s=96&d=mm&r=g","caption":"Fr\u00e9quence Sill\u00e9"},"url":"https:\/\/frequence-sille.org\/newsite\/author\/frequenc\/"}]}},"_links":{"self":[{"href":"https:\/\/frequence-sille.org\/newsite\/wp-json\/wp\/v2\/posts\/12803","targetHints":{"allow":["GET"]}}],"collection":[{"href":"https:\/\/frequence-sille.org\/newsite\/wp-json\/wp\/v2\/posts"}],"about":[{"href":"https:\/\/frequence-sille.org\/newsite\/wp-json\/wp\/v2\/types\/post"}],"author":[{"embeddable":true,"href":"https:\/\/frequence-sille.org\/newsite\/wp-json\/wp\/v2\/users\/1"}],"replies":[{"embeddable":true,"href":"https:\/\/frequence-sille.org\/newsite\/wp-json\/wp\/v2\/comments?post=12803"}],"version-history":[{"count":3,"href":"https:\/\/frequence-sille.org\/newsite\/wp-json\/wp\/v2\/posts\/12803\/revisions"}],"predecessor-version":[{"id":13625,"href":"https:\/\/frequence-sille.org\/newsite\/wp-json\/wp\/v2\/posts\/12803\/revisions\/13625"}],"wp:featuredmedia":[{"embeddable":true,"href":"https:\/\/frequence-sille.org\/newsite\/wp-json\/wp\/v2\/media\/12806"}],"wp:attachment":[{"href":"https:\/\/frequence-sille.org\/newsite\/wp-json\/wp\/v2\/media?parent=12803"}],"wp:term":[{"taxonomy":"category","embeddable":true,"href":"https:\/\/frequence-sille.org\/newsite\/wp-json\/wp\/v2\/categories?post=12803"},{"taxonomy":"post_tag","embeddable":true,"href":"https:\/\/frequence-sille.org\/newsite\/wp-json\/wp\/v2\/tags?post=12803"}],"curies":[{"name":"wp","href":"https:\/\/api.w.org\/{rel}","templated":true}]}}