{"id":13976,"date":"2024-10-15T16:28:59","date_gmt":"2024-10-15T15:28:59","guid":{"rendered":"https:\/\/frequence-sille.org\/newsite\/?p=13976"},"modified":"2024-10-17T07:10:09","modified_gmt":"2024-10-17T06:10:09","slug":"la-soiree-des-coevrons-2eme-edition","status":"publish","type":"post","link":"https:\/\/frequence-sille.org\/newsite\/2024\/10\/15\/la-soiree-des-coevrons-2eme-edition\/","title":{"rendered":"La soir\u00e9e des Co\u00ebvrons &#8211; 2\u00e8me \u00e9dition"},"content":{"rendered":"\n<p>Ce mardi 8 octobre a eu lieu la 2\u00e8me soir\u00e9e de la Communaut\u00e9 de Commune des Co\u00ebvrons durant laquelle les acteurs du territoires ont pu se retrouver et \u00e9changer et participer \u00e0 divers ateliers.<br>Pr\u00e8s de 30 acteurs du territoire \u00e9taient nomin\u00e9s pour les Co\u00ebvrons ont du Talent. Durant l&rsquo;\u00e9t\u00e9, plus de 2000 personnes ont vot\u00e9s pour leurs pr\u00e9f\u00e9r\u00e9s et six d&rsquo;entre eux se sont vu d\u00e9cerner un troph\u00e9e par des repr\u00e9sentants de la communaut\u00e9 de commune.<\/p>\n\n\n\n<p>Retrouvez ci dessous les entretiens r\u00e9alis\u00e9s avec quelques acteurs du territoires pr\u00e9sents \u00e0 cet \u00e9v\u00e8nement :<\/p>\n\n\n\n<p>Laur\u00e9ats de la soir\u00e9e que nous avons re\u00e7u \u00e0 nos micros :<\/p>\n\n\n\n<iframe loading=\"lazy\" scrolling=\"no\" id=\"hearthis_at_track_11430597\" width=\"100%\" height=\"150\" src=\"https:\/\/app.hearthis.at\/embed\/11430597\/transparent_black\/?hcolor=&#038;color=&#038;style=2&#038;block_size=2&#038;block_space=1&#038;background=1&#038;waveform=0&#038;cover=0&#038;autoplay=0&#038;css=\" frameborder=\"0\" allowtransparency allow=\"autoplay\"><p>Listen to <a href=\"https:\/\/hearthis.at\/frequence-sille\/01-majestic-gallery-montsur-catherine-guillet-laureat-soiree-des-coevrons-2024-pad\/\" target=\"_blank\" rel=\"noopener\"> Catherine Guillet pour Majestic Gallery Monts\u00fbr &#8211; Laur\u00e9at soir\u00e9e des Co\u00ebvrons 2024<\/a> <span>by<\/span><a href=\"https:\/\/hearthis.at\/frequence-sille\/\" target=\"_blank\" rel=\"noopener\">Frequence Sill\u00e9<\/a> <span>on<\/span> <a href=\"https:\/\/hearthis.at\/\" target=\"_blank\" rel=\"noopener\">hearthis.at<\/a><\/p><\/iframe>\n\n\n\n<iframe loading=\"lazy\" scrolling=\"no\" id=\"hearthis_at_track_11430600\" width=\"100%\" height=\"150\" src=\"https:\/\/app.hearthis.at\/embed\/11430600\/transparent_black\/?hcolor=&#038;color=&#038;style=2&#038;block_size=2&#038;block_space=1&#038;background=1&#038;waveform=0&#038;cover=0&#038;autoplay=0&#038;css=\" frameborder=\"0\" allowtransparency allow=\"autoplay\"><p>Listen to <a href=\"https:\/\/hearthis.at\/frequence-sille\/06-charline-chocolaterie-bim-laureat-soiree-des-coevrons-soiree-des-coevrons-2024-pad\/\" target=\"_blank\" rel=\"noopener\">Charline &#8211; Chocolaterie BIM &#8211; Laur\u00e9at soir\u00e9e des Co\u00ebvrons &#8211; Soir\u00e9e des Co\u00ebvrons 2024<\/a> <span>by<\/span><a href=\"https:\/\/hearthis.at\/frequence-sille\/\" target=\"_blank\" rel=\"noopener\">Frequence Sill\u00e9<\/a> <span>on<\/span> <a href=\"https:\/\/hearthis.at\/\" target=\"_blank\" rel=\"noopener\">hearthis.at<\/a><\/p><\/iframe>\n\n\n\n<iframe loading=\"lazy\" scrolling=\"no\" id=\"hearthis_at_track_11430601\" width=\"100%\" height=\"150\" src=\"https:\/\/app.hearthis.at\/embed\/11430601\/transparent_black\/?hcolor=&#038;color=&#038;style=2&#038;block_size=2&#038;block_space=1&#038;background=1&#038;waveform=0&#038;cover=0&#038;autoplay=0&#038;css=\" frameborder=\"0\" allowtransparency allow=\"autoplay\"><p>Listen to <a href=\"https:\/\/hearthis.at\/frequence-sille\/07-patrick-menuiserie-corne-dabondance-laureat-soiree-des-coevrons-2024-pad\/\" target=\"_blank\" rel=\"noopener\">Patrick &#8211; Menuiserie Corne d&rsquo;abondance &#8211; Laur\u00e9at soir\u00e9e des Co\u00ebvrons 2024<\/a> <span>by<\/span><a href=\"https:\/\/hearthis.at\/frequence-sille\/\" target=\"_blank\" rel=\"noopener\">Frequence Sill\u00e9<\/a> <span>on<\/span> <a href=\"https:\/\/hearthis.at\/\" target=\"_blank\" rel=\"noopener\">hearthis.at<\/a><\/p><\/iframe>\n\n\n\n<iframe loading=\"lazy\" scrolling=\"no\" id=\"hearthis_at_track_11430606\" width=\"100%\" height=\"150\" src=\"https:\/\/app.hearthis.at\/embed\/11430606\/transparent_black\/?hcolor=&#038;color=&#038;style=2&#038;block_size=2&#038;block_space=1&#038;background=1&#038;waveform=0&#038;cover=0&#038;autoplay=0&#038;css=\" frameborder=\"0\" allowtransparency allow=\"autoplay\"><p>Listen to <a href=\"https:\/\/hearthis.at\/frequence-sille\/04-morgane-le-ptit-campo-cafe-associatif-de-champgeneteux-soiree-des-coevrons-2024-pad\/\" target=\"_blank\" rel=\"noopener\">Morgane &#8211; Le ptit Campo &#8211; Caf\u00e9 associatif de Champgen\u00e9teux &#8211; Soir\u00e9e des Co\u00ebvrons 2024<\/a> <span>by<\/span><a href=\"https:\/\/hearthis.at\/frequence-sille\/\" target=\"_blank\" rel=\"noopener\">Frequence Sill\u00e9<\/a> <span>on<\/span> <a href=\"https:\/\/hearthis.at\/\" target=\"_blank\" rel=\"noopener\">hearthis.at<\/a><\/p><\/iframe>\n\n\n\n<iframe loading=\"lazy\" scrolling=\"no\" id=\"hearthis_at_track_11430603\" width=\"100%\" height=\"150\" src=\"https:\/\/app.hearthis.at\/embed\/11430603\/transparent_black\/?hcolor=&#038;color=&#038;style=2&#038;block_size=2&#038;block_space=1&#038;background=1&#038;waveform=0&#038;cover=0&#038;autoplay=0&#038;css=\" frameborder=\"0\" allowtransparency allow=\"autoplay\"><p>Listen to <a href=\"https:\/\/hearthis.at\/frequence-sille\/03-celine-viel-librairie-quelle-histoire-laureate-soiree-des-coevrons-soiree-des-coevrons-2024-pad\/\" target=\"_blank\" rel=\"noopener\">Celine Viel &#8211; librairie quelle histoire Laur\u00e9ate soir\u00e9e des Co\u00ebvrons &#8211; Soir\u00e9e des Co\u00ebvrons 2024<\/a> <span>by<\/span><a href=\"https:\/\/hearthis.at\/frequence-sille\/\" target=\"_blank\" rel=\"noopener\">Frequence Sill\u00e9<\/a> <span>on<\/span> <a href=\"https:\/\/hearthis.at\/\" target=\"_blank\" rel=\"noopener\">hearthis.at<\/a><\/p><\/iframe>\n\n\n\n<ul class=\"wp-block-list\">\n<li>Catherine Guillet &#8211; Majestic Gallery Monts\u00fbrs<\/li>\n\n\n\n<li>Charline &#8211; Chocolaterie BIM \u00e0 Sainte-Suzanne-et-Chammes<\/li>\n\n\n\n<li>Patrick &#8211; Corne d&rsquo;abondance &#8211;  Atelier menuiserie \u00e0 Evron<\/li>\n\n\n\n<li>Morgane &#8211; Le P&rsquo;tit Campo &#8211; Caf\u00e9 associatif de Champgen\u00e9teux <\/li>\n\n\n\n<li>Celine Viel &#8211; Librairie Quelle Histoire \u00e0 Evron<\/li>\n<\/ul>\n\n\n\n<p>Les membres de la communaut\u00e9 de communes des Co\u00ebvrons sont \u00e9galement venus s&rsquo;entretenir avec nous pendant la soir\u00e9e :<\/p>\n\n\n\n<iframe loading=\"lazy\" scrolling=\"no\" id=\"hearthis_at_track_11430599\" width=\"100%\" height=\"150\" src=\"https:\/\/app.hearthis.at\/embed\/11430599\/transparent_black\/?hcolor=&#038;color=&#038;style=2&#038;block_size=2&#038;block_space=1&#038;background=1&#038;waveform=0&#038;cover=0&#038;autoplay=0&#038;css=\" frameborder=\"0\" allowtransparency allow=\"autoplay\"><p>Listen to <a href=\"https:\/\/hearthis.at\/frequence-sille\/05-joel-balandraud-maire-devron-et-president-des-coevrons-soiree-des-coevrons-2024-pad\/\" target=\"_blank\" rel=\"noopener\">Jo\u00ebl Balandraud &#8211; Maire d&rsquo;Evron et pr\u00e9sident des Co\u00ebvrons &#8211; Soir\u00e9e des Co\u00ebvrons 2024<\/a> <span>by<\/span><a href=\"https:\/\/hearthis.at\/frequence-sille\/\" target=\"_blank\" rel=\"noopener\">Frequence Sill\u00e9<\/a> <span>on<\/span> <a href=\"https:\/\/hearthis.at\/\" target=\"_blank\" rel=\"noopener\">hearthis.at<\/a><\/p><\/iframe>\n\n\n\n<iframe loading=\"lazy\" scrolling=\"no\" id=\"hearthis_at_track_11430605\" width=\"100%\" height=\"150\" src=\"https:\/\/app.hearthis.at\/embed\/11430605\/transparent_black\/?secret=eYw&#038;hcolor=&#038;color=&#038;style=2&#038;block_size=2&#038;block_space=1&#038;background=1&#038;waveform=0&#038;cover=0&#038;autoplay=0&#038;css=\" frameborder=\"0\" allowtransparency allow=\"autoplay\"><p>Listen to <a href=\"https:\/\/hearthis.at\/frequence-sille\/11-directeur-general-de-la-communaute-de-commune-des-coevrons-etienne-gauffre-soiree-des-coevrons-2024-pad\/\" target=\"_blank\" rel=\"noopener\">Directeur g\u00e9n\u00e9ral de la communaut\u00e9 de commune des Co\u00ebvrons &#8211; Etienne Gauffre &#8211;  Soir\u00e9e des Co\u00ebvrons 2024<\/a> <span>by<\/span><a href=\"https:\/\/hearthis.at\/frequence-sille\/\" target=\"_blank\" rel=\"noopener\">Frequence Sill\u00e9<\/a> <span>on<\/span> <a href=\"https:\/\/hearthis.at\/\" target=\"_blank\" rel=\"noopener\">hearthis.at<\/a><\/p><\/iframe>\n\n\n\n<iframe loading=\"lazy\" scrolling=\"no\" id=\"hearthis_at_track_11430598\" width=\"100%\" height=\"150\" src=\"https:\/\/app.hearthis.at\/embed\/11430598\/transparent_black\/?hcolor=&#038;color=&#038;style=2&#038;block_size=2&#038;block_space=1&#038;background=1&#038;waveform=0&#038;cover=0&#038;autoplay=0&#038;css=\" frameborder=\"0\" allowtransparency allow=\"autoplay\"><p>Listen to <a href=\"https:\/\/hearthis.at\/frequence-sille\/02-lino-morin-charge-de-mission-participation-citoyenne-des-coevrons-soiree-des-coevrons-2024-pad\/\" target=\"_blank\" rel=\"noopener\">Lino Morin &#8211; charg\u00e9 de mission participation citoyenne des Co\u00ebvrons &#8211; Soir\u00e9e des Co\u00ebvrons 2024<\/a> <span>by<\/span><a href=\"https:\/\/hearthis.at\/frequence-sille\/\" target=\"_blank\" rel=\"noopener\">Frequence Sill\u00e9<\/a> <span>on<\/span> <a href=\"https:\/\/hearthis.at\/\" target=\"_blank\" rel=\"noopener\">hearthis.at<\/a><\/p><\/iframe>\n\n\n\n<iframe loading=\"lazy\" scrolling=\"no\" id=\"hearthis_at_track_11430607\" width=\"100%\" height=\"150\" src=\"https:\/\/app.hearthis.at\/embed\/11430607\/transparent_black\/?hcolor=&#038;color=&#038;style=2&#038;block_size=2&#038;block_space=1&#038;background=1&#038;waveform=0&#038;cover=0&#038;autoplay=0&#038;css=\" frameborder=\"0\" allowtransparency allow=\"autoplay\"><p>Listen to <a href=\"https:\/\/hearthis.at\/frequence-sille\/10-nathalie-et-julie-animatrices-de-levenement-soiree-des-coevrons-2024-pad\/\" target=\"_blank\" rel=\"noopener\">Nathalie et Julie &#8211; Animatrices de l&rsquo;\u00e9v\u00e8nement &#8211; Soir\u00e9e des Co\u00ebvrons 2024<\/a> <span>by<\/span><a href=\"https:\/\/hearthis.at\/frequence-sille\/\" target=\"_blank\" rel=\"noopener\">Frequence Sill\u00e9<\/a> <span>on<\/span> <a href=\"https:\/\/hearthis.at\/\" target=\"_blank\" rel=\"noopener\">hearthis.at<\/a><\/p><\/iframe>\n\n\n\n<ul class=\"wp-block-list\">\n<li>Jo\u00ebl Balandraud &#8211; Maire d&rsquo;Evron et pr\u00e9sident des Co\u00ebvrons<\/li>\n\n\n\n<li>Etienne Gauffre &#8211; Directeur g\u00e9n\u00e9ral des service de la communaut\u00e9 de commune des Co\u00ebvrons<\/li>\n\n\n\n<li>Lino Morin &#8211; Charg\u00e9 de mission participation citoyenne des Co\u00ebvrons<\/li>\n\n\n\n<li>Nathalie Rousseau Nicolas-Guizon &#8211; Conseill\u00e8re d\u00e9l\u00e9gu\u00e9e \u00e0 l&rsquo;\u00e9v\u00e8nementiel pour la ville d&rsquo;Evron<\/li>\n\n\n\n<li>Julie Ducoin &#8211; Vice pr\u00e9sidente des Co\u00ebvrons en charge de la communication et de la participation citoyenne<\/li>\n<\/ul>\n\n\n\n<p>Mais aussi :<\/p>\n\n\n\n<iframe loading=\"lazy\" scrolling=\"no\" id=\"hearthis_at_track_11430604\" width=\"100%\" height=\"150\" src=\"https:\/\/app.hearthis.at\/embed\/11430604\/transparent_black\/?hcolor=&#038;color=&#038;style=2&#038;block_size=2&#038;block_space=1&#038;background=1&#038;waveform=0&#038;cover=0&#038;autoplay=0&#038;css=\" frameborder=\"0\" allowtransparency allow=\"autoplay\"><p>Listen to <a href=\"https:\/\/hearthis.at\/frequence-sille\/09-espace-crotigne-solene-et-marie-soiree-des-coevrons-2024-pad\/\" target=\"_blank\" rel=\"noopener\">Espace Crotign\u00e9 &#8211;  Sol\u00e8ne et Marie &#8211; Soir\u00e9e des Co\u00ebvrons 2024<\/a> <span>by<\/span><a href=\"https:\/\/hearthis.at\/frequence-sille\/\" target=\"_blank\" rel=\"noopener\">Frequence Sill\u00e9<\/a> <span>on<\/span> <a href=\"https:\/\/hearthis.at\/\" target=\"_blank\" rel=\"noopener\">hearthis.at<\/a><\/p><\/iframe>\n\n\n\n<iframe loading=\"lazy\" scrolling=\"no\" id=\"hearthis_at_track_11430602\" width=\"100%\" height=\"150\" src=\"https:\/\/app.hearthis.at\/embed\/11430602\/transparent_black\/?hcolor=&#038;color=&#038;style=2&#038;block_size=2&#038;block_space=1&#038;background=1&#038;waveform=0&#038;cover=0&#038;autoplay=0&#038;css=\" frameborder=\"0\" allowtransparency allow=\"autoplay\"><p>Listen to <a href=\"https:\/\/hearthis.at\/frequence-sille\/08-elian-eleve-au-lycee-raoul-vadepied-soiree-des-coevrons-2024\/\" target=\"_blank\" rel=\"noopener\">Elian &#8211; \u00e9l\u00e8ve au lyc\u00e9e Raoul Vadepied &#8211; Soir\u00e9e des Co\u00ebvrons 2024<\/a> <span>by<\/span><a href=\"https:\/\/hearthis.at\/frequence-sille\/\" target=\"_blank\" rel=\"noopener\">Frequence Sill\u00e9<\/a> <span>on<\/span> <a href=\"https:\/\/hearthis.at\/\" target=\"_blank\" rel=\"noopener\">hearthis.at<\/a><\/p><\/iframe>\n\n\n\n<ul class=\"wp-block-list\">\n<li>Sol\u00e8ne et Marie &#8211; Espace Crotign\u00e9 \u00e0 Monts\u00fbrs nomin\u00e9e pour \u00ab\u00a0Les Co\u00ebvrons ont du talent\u00a0\u00bb<\/li>\n\n\n\n<li>Elian &#8211; \u00e9l\u00e8ve au lyc\u00e9e Raoul Vadepied<\/li>\n<\/ul>\n\n\n\n<style id=\"bwg-style-0\">      #bwg_container1_0 #bwg_container2_0 #bwg_mosaic_thumbnails_div_0 {        width: 100%;        position: relative;        background-color: rgba(255, 255, 255, 0.00);        text-align: center;        justify-content: center;                  margin-left: auto;          margin-right: auto;                    padding-left: 4px;          padding-top: 4px;                }          #bwg_container1_0 #bwg_container2_0 .bwg_mosaic_thumb_spun_0 {        display: block;        position: absolute;\t\t\t\tborder-radius: 0;\t\t\t\tborder: 0px none #CCCCCC;    \t\t    \t\tbackground-color:rgba(0,0,0, 0.30);        -moz-box-sizing: content-box !important;        -webkit-box-sizing: content-box !important;        box-sizing: content-box !important;      }\t\t\t#bwg_container1_0 #bwg_container2_0 .bwg_mosaic_thumb_0 {\t\t\t\tdisplay: block;\t\t\t\t-moz-box-sizing: content-box !important;\t\t\t\t-webkit-box-sizing: content-box !important;\t\t\t\tbox-sizing: content-box !important;\t\t\t\tmargin: 0;\t\t\t\topacity: 1.00;\t\t\t}      #bwg_container1_0 #bwg_container2_0 .bwg_mosaic_thumb_spun_0:hover {        opacity: 1;        backface-visibility: hidden;        -webkit-backface-visibility: hidden;        -moz-backface-visibility: hidden;        -ms-backface-visibility: hidden;        z-index: 102;      }\t      @media only screen and (min-width: 480px) {        #bwg_container1_0 #bwg_container2_0 .bwg_mosaic_thumb_spun_0:hover {          transform: scale(1.1);          -ms-transform: scale(1.1);          -webkit-transform: scale(1.1);        }      }\t      #bwg_container1_0 #bwg_container2_0 .bwg_mosaic_thumbnails_0 {        background-color: rgba(255, 255, 255, 0.00);        font-size: 0;        position: relative;        text-align: center;        display: inline-block;        visibility: hidden;              }\t  \/*image title styles*\/      #bwg_container1_0 #bwg_container2_0 .bwg_mosaic_title_spun1_0,      #bwg_container1_0 #bwg_container2_0 .bwg-mosaic-thumbnails .bwg_ecommerce_spun1_0 {        position: absolute;        display: block;        opacity: 0;        box-sizing: border-box;        text-align: center;\t\t\t\ttop: 50%;\t\t\t\tleft: 50%;\t\t\t\ttransform: translate(-50%, -50%);      }      #bwg_container1_0 #bwg_container2_0 .bwg-mosaic-thumbnails .bwg_mosaic_title_spun2_0,      #bwg_container1_0 #bwg_container2_0 .bwg-mosaic-thumbnails .bwg_ecommerce_spun2_0 {\t\t    color: #CCCCCC;        font-family: segoe ui;        font-size: 16px;        font-weight: bold;        text-shadow: 0px 0px 0px #888888;        vertical-align: middle;        word-wrap: break-word;      }            .bwg_mosaic_play_icon_spun_0 {        display: table;        position: absolute;        left: -10000px;        top: 0px;        opacity: 0;      }      .bwg_mosaic_play_icon_0 {        color: #CCCCCC;        font-size: 32px;        vertical-align: middle;        display: table-cell !important;        z-index: 1;        text-align: center;        margin: 0 auto;      }      #bwg_container1_0 #bwg_container2_0 .bwg_gal_title_0 {        background-color: rgba(0, 0, 0, 0);        color: #323A45;        display: block;        font-family: Ubuntu;        font-size: 16px;        font-weight: bold;        padding: 2px;        text-shadow: ;        text-align: center;      }      <\/style>    <div id=\"bwg_container1_0\"         class=\"bwg_container bwg_thumbnail bwg_thumbnails_mosaic \"         data-right-click-protection=\"0\"         data-bwg=\"0\"         data-scroll=\"0\"         data-gallery-type=\"thumbnails_mosaic\"         data-gallery-view-type=\"thumbnails_mosaic\"         data-current-url=\"\/newsite\/wp-json\/wp\/v2\/posts\/13976\"         data-lightbox-url=\"https:\/\/frequence-sille.org\/newsite\/wp-admin\/admin-ajax.php?action=GalleryBox&#038;current_view=0&#038;gallery_id=64&#038;tag=0&#038;theme_id=1&#038;shortcode_id=146&#038;sort_by=order&#038;order_by=asc&#038;current_url=%2Fnewsite%2Fwp-json%2Fwp%2Fv2%2Fposts%2F13976\"         data-gallery-id=\"64\"         data-popup-width=\"800\"         data-popup-height=\"500\"         data-is-album=\"gallery\"         data-buttons-position=\"bottom\">      <div id=\"bwg_container2_0\">             <div id=\"ajax_loading_0\" class=\"bwg_loading_div_1\">      <div class=\"bwg_loading_div_2\">        <div class=\"bwg_loading_div_3\">          <div id=\"loading_div_0\" class=\"bwg_spider_ajax_loading\">          <\/div>        <\/div>      <\/div>    <\/div>            <form id=\"gal_front_form_0\"              class=\"bwg-hidden\"              method=\"post\"              action=\"#\"              data-current=\"0\"              data-shortcode-id=\"146\"              data-gallery-type=\"thumbnails_mosaic\"              data-gallery-id=\"64\"              data-tag=\"0\"              data-album-id=\"0\"              data-theme-id=\"1\"              data-ajax-url=\"https:\/\/frequence-sille.org\/newsite\/wp-admin\/admin-ajax.php?action=bwg_frontend_data\">          <div id=\"bwg_container3_0\" class=\"bwg-background bwg-background-0\">                <div id=\"bwg_mosaic_thumbnails_div_0\"         class=\"bwg-container-0 bwg-container bwg-mosaic-thumbnails\"         data-bwg=\"0\"         data-mosaic-direction=\"horizontal\"         data-resizable=\"0\"         data-width=\"250\"         data-height=\"250\"         data-total-width=\"100\"         data-block-id=\"bwg_thumbnails_mosaic_0\"         data-thumb-padding=\"4\"         data-thumb-border=\"0\"         data-title-margin=\"2px\"         data-image-title=\"none\"         data-play-icon=\"1\"         data-ecommerce-icon=\"undefined\"         data-gallery-id=\"64\"         data-lightbox-url=\"https:\/\/frequence-sille.org\/newsite\/wp-admin\/admin-ajax.php?action=GalleryBox&#038;current_view=0&#038;gallery_id=64&#038;tag=0&#038;theme_id=1&#038;shortcode_id=146&#038;sort_by=order&#038;order_by=asc&#038;current_url=%2Fnewsite%2Fwp-json%2Fwp%2Fv2%2Fposts%2F13976\"         data-mosaic-thumb-transition=\"1\"         style=\"visibility: hidden\" >      <div id=\"bwg_thumbnails_mosaic_0\" class=\"bwg_mosaic_thumbnails_0\">                  <a  class=\"bwg-a bwg_lightbox bwg_lightbox_0\" href=\"https:\/\/frequence-sille.org\/newsite\/wp-content\/uploads\/photo-gallery\/imported_from_media_libray\/01-Catherine-Guillet-Majestic-Gallery-Montsurs-scaled.jpg?bwg=1729005784\" data-image-id=\"1019\" data-elementor-open-lightbox=\"no\">          <div class=\"bwg_mosaic_thumb_spun_0 bwg-item0 bwg-mosaic-thumb-span \">            <img decoding=\"async\" class=\"bwg_mosaic_thumb_0 skip-lazy bwg_img_clear bwg_img_custom \"                 id=\"1019\"                 src=\"https:\/\/frequence-sille.org\/newsite\/wp-content\/uploads\/photo-gallery\/imported_from_media_libray\/thumb\/01-Catherine-Guillet-Majestic-Gallery-Montsurs-scaled.jpg?bwg=1729005784\"                 data-src=\"https:\/\/frequence-sille.org\/newsite\/wp-content\/uploads\/photo-gallery\/imported_from_media_libray\/thumb\/01-Catherine-Guillet-Majestic-Gallery-Montsurs-scaled.jpg?bwg=1729005784\"                 data-width=\"300.00\"                 data-height=\"225.00\"                 alt=\"01 - Catherine Guillet - Majestic Gallery Monts\u00fbrs\"                 title=\"01 - Catherine Guillet - Majestic Gallery Monts\u00fbrs\" \/>                      <\/div>        <\/a>                <a  class=\"bwg-a bwg_lightbox bwg_lightbox_0\" href=\"https:\/\/frequence-sille.org\/newsite\/wp-content\/uploads\/photo-gallery\/imported_from_media_libray\/02-Patrick-Atelier-Menuiserie-scaled.jpg?bwg=1729005784\" data-image-id=\"1020\" data-elementor-open-lightbox=\"no\">          <div class=\"bwg_mosaic_thumb_spun_0 bwg-item0 bwg-mosaic-thumb-span \">            <img decoding=\"async\" class=\"bwg_mosaic_thumb_0 skip-lazy bwg_img_clear bwg_img_custom \"                 id=\"1020\"                 src=\"https:\/\/frequence-sille.org\/newsite\/wp-content\/uploads\/photo-gallery\/imported_from_media_libray\/thumb\/02-Patrick-Atelier-Menuiserie-scaled.jpg?bwg=1729005784\"                 data-src=\"https:\/\/frequence-sille.org\/newsite\/wp-content\/uploads\/photo-gallery\/imported_from_media_libray\/thumb\/02-Patrick-Atelier-Menuiserie-scaled.jpg?bwg=1729005784\"                 data-width=\"300.00\"                 data-height=\"225.00\"                 alt=\"02-Patrick - Atelier Menuiserie\"                 title=\"02-Patrick - Atelier Menuiserie\" \/>                      <\/div>        <\/a>                <a  class=\"bwg-a bwg_lightbox bwg_lightbox_0\" href=\"https:\/\/frequence-sille.org\/newsite\/wp-content\/uploads\/photo-gallery\/imported_from_media_libray\/03-Patrick-Atelier-Menuiserie-2-scaled.jpg?bwg=1729005784\" data-image-id=\"1021\" data-elementor-open-lightbox=\"no\">          <div class=\"bwg_mosaic_thumb_spun_0 bwg-item0 bwg-mosaic-thumb-span \">            <img decoding=\"async\" class=\"bwg_mosaic_thumb_0 skip-lazy bwg_img_clear bwg_img_custom \"                 id=\"1021\"                 src=\"https:\/\/frequence-sille.org\/newsite\/wp-content\/uploads\/photo-gallery\/imported_from_media_libray\/thumb\/03-Patrick-Atelier-Menuiserie-2-scaled.jpg?bwg=1729005784\"                 data-src=\"https:\/\/frequence-sille.org\/newsite\/wp-content\/uploads\/photo-gallery\/imported_from_media_libray\/thumb\/03-Patrick-Atelier-Menuiserie-2-scaled.jpg?bwg=1729005784\"                 data-width=\"300.00\"                 data-height=\"225.00\"                 alt=\"03-Patrick - Atelier Menuiserie 2\"                 title=\"03-Patrick - Atelier Menuiserie 2\" \/>                      <\/div>        <\/a>                <a  class=\"bwg-a bwg_lightbox bwg_lightbox_0\" href=\"https:\/\/frequence-sille.org\/newsite\/wp-content\/uploads\/photo-gallery\/imported_from_media_libray\/04-Morgane-Le-ptit-Campo-scaled.jpg?bwg=1729005784\" data-image-id=\"1022\" data-elementor-open-lightbox=\"no\">          <div class=\"bwg_mosaic_thumb_spun_0 bwg-item0 bwg-mosaic-thumb-span \">            <img decoding=\"async\" class=\"bwg_mosaic_thumb_0 skip-lazy bwg_img_clear bwg_img_custom \"                 id=\"1022\"                 src=\"https:\/\/frequence-sille.org\/newsite\/wp-content\/uploads\/photo-gallery\/imported_from_media_libray\/thumb\/04-Morgane-Le-ptit-Campo-scaled.jpg?bwg=1729005784\"                 data-src=\"https:\/\/frequence-sille.org\/newsite\/wp-content\/uploads\/photo-gallery\/imported_from_media_libray\/thumb\/04-Morgane-Le-ptit-Campo-scaled.jpg?bwg=1729005784\"                 data-width=\"225.00\"                 data-height=\"300.00\"                 alt=\"04 - Morgane - Le p&#039;tit Campo\"                 title=\"04 - Morgane - Le p&#039;tit Campo\" \/>                      <\/div>        <\/a>                <a  class=\"bwg-a bwg_lightbox bwg_lightbox_0\" href=\"https:\/\/frequence-sille.org\/newsite\/wp-content\/uploads\/photo-gallery\/imported_from_media_libray\/05-Celine-Viel-Quelle-Histoire-scaled.jpg?bwg=1729005784\" data-image-id=\"1023\" data-elementor-open-lightbox=\"no\">          <div class=\"bwg_mosaic_thumb_spun_0 bwg-item0 bwg-mosaic-thumb-span \">            <img decoding=\"async\" class=\"bwg_mosaic_thumb_0 skip-lazy bwg_img_clear bwg_img_custom \"                 id=\"1023\"                 src=\"https:\/\/frequence-sille.org\/newsite\/wp-content\/uploads\/photo-gallery\/imported_from_media_libray\/thumb\/05-Celine-Viel-Quelle-Histoire-scaled.jpg?bwg=1729005784\"                 data-src=\"https:\/\/frequence-sille.org\/newsite\/wp-content\/uploads\/photo-gallery\/imported_from_media_libray\/thumb\/05-Celine-Viel-Quelle-Histoire-scaled.jpg?bwg=1729005784\"                 data-width=\"300.00\"                 data-height=\"225.00\"                 alt=\"05 - C\u00e9line Viel - Quelle Histoire\"                 title=\"05 - C\u00e9line Viel - Quelle Histoire\" \/>                      <\/div>        <\/a>                <a  class=\"bwg-a bwg_lightbox bwg_lightbox_0\" href=\"https:\/\/frequence-sille.org\/newsite\/wp-content\/uploads\/photo-gallery\/imported_from_media_libray\/06-Celine-Viel-Quelle-Histoire-2-scaled.jpg?bwg=1729005784\" data-image-id=\"1024\" data-elementor-open-lightbox=\"no\">          <div class=\"bwg_mosaic_thumb_spun_0 bwg-item0 bwg-mosaic-thumb-span \">            <img decoding=\"async\" class=\"bwg_mosaic_thumb_0 skip-lazy bwg_img_clear bwg_img_custom \"                 id=\"1024\"                 src=\"https:\/\/frequence-sille.org\/newsite\/wp-content\/uploads\/photo-gallery\/imported_from_media_libray\/thumb\/06-Celine-Viel-Quelle-Histoire-2-scaled.jpg?bwg=1729005784\"                 data-src=\"https:\/\/frequence-sille.org\/newsite\/wp-content\/uploads\/photo-gallery\/imported_from_media_libray\/thumb\/06-Celine-Viel-Quelle-Histoire-2-scaled.jpg?bwg=1729005784\"                 data-width=\"300.00\"                 data-height=\"225.00\"                 alt=\"06 - C\u00e9line Viel - Quelle Histoire 2\"                 title=\"06 - C\u00e9line Viel - Quelle Histoire 2\" \/>                      <\/div>        <\/a>                <a  class=\"bwg-a bwg_lightbox bwg_lightbox_0\" href=\"https:\/\/frequence-sille.org\/newsite\/wp-content\/uploads\/photo-gallery\/imported_from_media_libray\/07-Joel-Balandraud-President-Coevrons-scaled.jpg?bwg=1729005784\" data-image-id=\"1025\" data-elementor-open-lightbox=\"no\">          <div class=\"bwg_mosaic_thumb_spun_0 bwg-item0 bwg-mosaic-thumb-span \">            <img decoding=\"async\" class=\"bwg_mosaic_thumb_0 skip-lazy bwg_img_clear bwg_img_custom \"                 id=\"1025\"                 src=\"https:\/\/frequence-sille.org\/newsite\/wp-content\/uploads\/photo-gallery\/imported_from_media_libray\/thumb\/07-Joel-Balandraud-President-Coevrons-scaled.jpg?bwg=1729005784\"                 data-src=\"https:\/\/frequence-sille.org\/newsite\/wp-content\/uploads\/photo-gallery\/imported_from_media_libray\/thumb\/07-Joel-Balandraud-President-Coevrons-scaled.jpg?bwg=1729005784\"                 data-width=\"300.00\"                 data-height=\"225.00\"                 alt=\"07 - Jo\u00ebl Balandraud - Pr\u00e9sident Co\u00ebvrons\"                 title=\"07 - Jo\u00ebl Balandraud - Pr\u00e9sident Co\u00ebvrons\" \/>                      <\/div>        <\/a>                <a  class=\"bwg-a bwg_lightbox bwg_lightbox_0\" href=\"https:\/\/frequence-sille.org\/newsite\/wp-content\/uploads\/photo-gallery\/imported_from_media_libray\/08-Etienne-Gauffre-DGS-Coevrons-scaled.jpg?bwg=1729005784\" data-image-id=\"1026\" data-elementor-open-lightbox=\"no\">          <div class=\"bwg_mosaic_thumb_spun_0 bwg-item0 bwg-mosaic-thumb-span \">            <img decoding=\"async\" class=\"bwg_mosaic_thumb_0 skip-lazy bwg_img_clear bwg_img_custom \"                 id=\"1026\"                 src=\"https:\/\/frequence-sille.org\/newsite\/wp-content\/uploads\/photo-gallery\/imported_from_media_libray\/thumb\/08-Etienne-Gauffre-DGS-Coevrons-scaled.jpg?bwg=1729005784\"                 data-src=\"https:\/\/frequence-sille.org\/newsite\/wp-content\/uploads\/photo-gallery\/imported_from_media_libray\/thumb\/08-Etienne-Gauffre-DGS-Coevrons-scaled.jpg?bwg=1729005784\"                 data-width=\"300.00\"                 data-height=\"225.00\"                 alt=\"08 - Etienne Gauffre - DGS Co\u00ebvrons\"                 title=\"08 - Etienne Gauffre - DGS Co\u00ebvrons\" \/>                      <\/div>        <\/a>                <a  class=\"bwg-a bwg_lightbox bwg_lightbox_0\" href=\"https:\/\/frequence-sille.org\/newsite\/wp-content\/uploads\/photo-gallery\/imported_from_media_libray\/09-Lino-Morin-Coevrons-scaled.jpg?bwg=1729005784\" data-image-id=\"1027\" data-elementor-open-lightbox=\"no\">          <div class=\"bwg_mosaic_thumb_spun_0 bwg-item0 bwg-mosaic-thumb-span \">            <img decoding=\"async\" class=\"bwg_mosaic_thumb_0 skip-lazy bwg_img_clear bwg_img_custom \"                 id=\"1027\"                 src=\"https:\/\/frequence-sille.org\/newsite\/wp-content\/uploads\/photo-gallery\/imported_from_media_libray\/thumb\/09-Lino-Morin-Coevrons-scaled.jpg?bwg=1729005784\"                 data-src=\"https:\/\/frequence-sille.org\/newsite\/wp-content\/uploads\/photo-gallery\/imported_from_media_libray\/thumb\/09-Lino-Morin-Coevrons-scaled.jpg?bwg=1729005784\"                 data-width=\"300.00\"                 data-height=\"225.00\"                 alt=\"09 - Lino Morin - Co\u00ebvrons\"                 title=\"09 - Lino Morin - Co\u00ebvrons\" \/>                      <\/div>        <\/a>                <a  class=\"bwg-a bwg_lightbox bwg_lightbox_0\" href=\"https:\/\/frequence-sille.org\/newsite\/wp-content\/uploads\/photo-gallery\/imported_from_media_libray\/10-Lino-Morin-Coevrons-2-scaled.jpg?bwg=1729005784\" data-image-id=\"1028\" data-elementor-open-lightbox=\"no\">          <div class=\"bwg_mosaic_thumb_spun_0 bwg-item0 bwg-mosaic-thumb-span \">            <img decoding=\"async\" class=\"bwg_mosaic_thumb_0 skip-lazy bwg_img_clear bwg_img_custom \"                 id=\"1028\"                 src=\"https:\/\/frequence-sille.org\/newsite\/wp-content\/uploads\/photo-gallery\/imported_from_media_libray\/thumb\/10-Lino-Morin-Coevrons-2-scaled.jpg?bwg=1729005784\"                 data-src=\"https:\/\/frequence-sille.org\/newsite\/wp-content\/uploads\/photo-gallery\/imported_from_media_libray\/thumb\/10-Lino-Morin-Coevrons-2-scaled.jpg?bwg=1729005784\"                 data-width=\"225.00\"                 data-height=\"300.00\"                 alt=\"10 - Lino Morin - Co\u00ebvrons 2\"                 title=\"10 - Lino Morin - Co\u00ebvrons 2\" \/>                      <\/div>        <\/a>                <a  class=\"bwg-a bwg_lightbox bwg_lightbox_0\" href=\"https:\/\/frequence-sille.org\/newsite\/wp-content\/uploads\/photo-gallery\/imported_from_media_libray\/11-Julie-et-Nathalie-Animatrice-de-la-soiree-Coevrons-scaled.jpg?bwg=1729005784\" data-image-id=\"1029\" data-elementor-open-lightbox=\"no\">          <div class=\"bwg_mosaic_thumb_spun_0 bwg-item0 bwg-mosaic-thumb-span \">            <img decoding=\"async\" class=\"bwg_mosaic_thumb_0 skip-lazy bwg_img_clear bwg_img_custom \"                 id=\"1029\"                 src=\"https:\/\/frequence-sille.org\/newsite\/wp-content\/uploads\/photo-gallery\/imported_from_media_libray\/thumb\/11-Julie-et-Nathalie-Animatrice-de-la-soiree-Coevrons-scaled.jpg?bwg=1729005784\"                 data-src=\"https:\/\/frequence-sille.org\/newsite\/wp-content\/uploads\/photo-gallery\/imported_from_media_libray\/thumb\/11-Julie-et-Nathalie-Animatrice-de-la-soiree-Coevrons-scaled.jpg?bwg=1729005784\"                 data-width=\"300.00\"                 data-height=\"225.00\"                 alt=\"11 - Julie et Nathalie - Animatrice de la soir\u00e9e - Co\u00ebvrons\"                 title=\"11 - Julie et Nathalie - Animatrice de la soir\u00e9e - Co\u00ebvrons\" \/>                      <\/div>        <\/a>                <a  class=\"bwg-a bwg_lightbox bwg_lightbox_0\" href=\"https:\/\/frequence-sille.org\/newsite\/wp-content\/uploads\/photo-gallery\/imported_from_media_libray\/12-Solene-et-Marie-Espace-Crotigne-scaled.jpg?bwg=1729005784\" data-image-id=\"1030\" data-elementor-open-lightbox=\"no\">          <div class=\"bwg_mosaic_thumb_spun_0 bwg-item0 bwg-mosaic-thumb-span \">            <img decoding=\"async\" class=\"bwg_mosaic_thumb_0 skip-lazy bwg_img_clear bwg_img_custom \"                 id=\"1030\"                 src=\"https:\/\/frequence-sille.org\/newsite\/wp-content\/uploads\/photo-gallery\/imported_from_media_libray\/thumb\/12-Solene-et-Marie-Espace-Crotigne-scaled.jpg?bwg=1729005784\"                 data-src=\"https:\/\/frequence-sille.org\/newsite\/wp-content\/uploads\/photo-gallery\/imported_from_media_libray\/thumb\/12-Solene-et-Marie-Espace-Crotigne-scaled.jpg?bwg=1729005784\"                 data-width=\"225.00\"                 data-height=\"300.00\"                 alt=\"12 - Sol\u00e8ne et Marie - Espace Crotign\u00e9\"                 title=\"12 - Sol\u00e8ne et Marie - Espace Crotign\u00e9\" \/>                      <\/div>        <\/a>                <a  class=\"bwg-a bwg_lightbox bwg_lightbox_0\" href=\"https:\/\/frequence-sille.org\/newsite\/wp-content\/uploads\/photo-gallery\/imported_from_media_libray\/13-Solene-et-Marie-Espace-Crotigne-2-scaled.jpg?bwg=1729005784\" data-image-id=\"1031\" data-elementor-open-lightbox=\"no\">          <div class=\"bwg_mosaic_thumb_spun_0 bwg-item0 bwg-mosaic-thumb-span \">            <img decoding=\"async\" class=\"bwg_mosaic_thumb_0 skip-lazy bwg_img_clear bwg_img_custom \"                 id=\"1031\"                 src=\"https:\/\/frequence-sille.org\/newsite\/wp-content\/uploads\/photo-gallery\/imported_from_media_libray\/thumb\/13-Solene-et-Marie-Espace-Crotigne-2-scaled.jpg?bwg=1729005784\"                 data-src=\"https:\/\/frequence-sille.org\/newsite\/wp-content\/uploads\/photo-gallery\/imported_from_media_libray\/thumb\/13-Solene-et-Marie-Espace-Crotigne-2-scaled.jpg?bwg=1729005784\"                 data-width=\"300.00\"                 data-height=\"225.00\"                 alt=\"13 - Sol\u00e8ne et Marie - Espace Crotign\u00e9 2\"                 title=\"13 - Sol\u00e8ne et Marie - Espace Crotign\u00e9 2\" \/>                      <\/div>        <\/a>                <a  class=\"bwg-a bwg_lightbox bwg_lightbox_0\" href=\"https:\/\/frequence-sille.org\/newsite\/wp-content\/uploads\/photo-gallery\/imported_from_media_libray\/14-Elian-Eleve-Lycee-Raoul-Vadepied-scaled.jpg?bwg=1729005784\" data-image-id=\"1032\" data-elementor-open-lightbox=\"no\">          <div class=\"bwg_mosaic_thumb_spun_0 bwg-item0 bwg-mosaic-thumb-span \">            <img decoding=\"async\" class=\"bwg_mosaic_thumb_0 skip-lazy bwg_img_clear bwg_img_custom \"                 id=\"1032\"                 src=\"https:\/\/frequence-sille.org\/newsite\/wp-content\/uploads\/photo-gallery\/imported_from_media_libray\/thumb\/14-Elian-Eleve-Lycee-Raoul-Vadepied-scaled.jpg?bwg=1729005784\"                 data-src=\"https:\/\/frequence-sille.org\/newsite\/wp-content\/uploads\/photo-gallery\/imported_from_media_libray\/thumb\/14-Elian-Eleve-Lycee-Raoul-Vadepied-scaled.jpg?bwg=1729005784\"                 data-width=\"300.00\"                 data-height=\"225.00\"                 alt=\"14 - Elian - \u00c9l\u00e8ve Lyc\u00e9e Raoul Vadepied\"                 title=\"14 - Elian - \u00c9l\u00e8ve Lyc\u00e9e Raoul Vadepied\" \/>                      <\/div>        <\/a>                <a  class=\"bwg-a bwg_lightbox bwg_lightbox_0\" href=\"https:\/\/frequence-sille.org\/newsite\/wp-content\/uploads\/photo-gallery\/imported_from_media_libray\/15-Elian-2-scaled.jpg?bwg=1729005784\" data-image-id=\"1033\" data-elementor-open-lightbox=\"no\">          <div class=\"bwg_mosaic_thumb_spun_0 bwg-item0 bwg-mosaic-thumb-span \">            <img decoding=\"async\" class=\"bwg_mosaic_thumb_0 skip-lazy bwg_img_clear bwg_img_custom \"                 id=\"1033\"                 src=\"https:\/\/frequence-sille.org\/newsite\/wp-content\/uploads\/photo-gallery\/imported_from_media_libray\/thumb\/15-Elian-2-scaled.jpg?bwg=1729005784\"                 data-src=\"https:\/\/frequence-sille.org\/newsite\/wp-content\/uploads\/photo-gallery\/imported_from_media_libray\/thumb\/15-Elian-2-scaled.jpg?bwg=1729005784\"                 data-width=\"225.00\"                 data-height=\"300.00\"                 alt=\"15 - Elian 2\"                 title=\"15 - Elian 2\" \/>                      <\/div>        <\/a>                <a  class=\"bwg-a bwg_lightbox bwg_lightbox_0\" href=\"https:\/\/frequence-sille.org\/newsite\/wp-content\/uploads\/photo-gallery\/imported_from_media_libray\/Laureats-2024-scaled.jpg?bwg=1729005784\" data-image-id=\"1034\" data-elementor-open-lightbox=\"no\">          <div class=\"bwg_mosaic_thumb_spun_0 bwg-item0 bwg-mosaic-thumb-span \">            <img decoding=\"async\" class=\"bwg_mosaic_thumb_0 skip-lazy bwg_img_clear bwg_img_custom \"                 id=\"1034\"                 src=\"https:\/\/frequence-sille.org\/newsite\/wp-content\/uploads\/photo-gallery\/imported_from_media_libray\/thumb\/Laureats-2024-scaled.jpg?bwg=1729005784\"                 data-src=\"https:\/\/frequence-sille.org\/newsite\/wp-content\/uploads\/photo-gallery\/imported_from_media_libray\/thumb\/Laureats-2024-scaled.jpg?bwg=1729005784\"                 data-width=\"300.00\"                 data-height=\"225.00\"                 alt=\"Laur\u00e9ats 2024\"                 title=\"Laur\u00e9ats 2024\" \/>                      <\/div>        <\/a>                <a  class=\"bwg-a bwg_lightbox bwg_lightbox_0\" href=\"https:\/\/frequence-sille.org\/newsite\/wp-content\/uploads\/photo-gallery\/imported_from_media_libray\/Salle-scaled.jpg?bwg=1729005784\" data-image-id=\"1035\" data-elementor-open-lightbox=\"no\">          <div class=\"bwg_mosaic_thumb_spun_0 bwg-item0 bwg-mosaic-thumb-span \">            <img decoding=\"async\" class=\"bwg_mosaic_thumb_0 skip-lazy bwg_img_clear bwg_img_custom \"                 id=\"1035\"                 src=\"https:\/\/frequence-sille.org\/newsite\/wp-content\/uploads\/photo-gallery\/imported_from_media_libray\/thumb\/Salle-scaled.jpg?bwg=1729005784\"                 data-src=\"https:\/\/frequence-sille.org\/newsite\/wp-content\/uploads\/photo-gallery\/imported_from_media_libray\/thumb\/Salle-scaled.jpg?bwg=1729005784\"                 data-width=\"300.00\"                 data-height=\"225.00\"                 alt=\"Salle\"                 title=\"Salle\" \/>                      <\/div>        <\/a>                <a  class=\"bwg-a bwg_lightbox bwg_lightbox_0\" href=\"https:\/\/frequence-sille.org\/newsite\/wp-content\/uploads\/photo-gallery\/imported_from_media_libray\/Scene-scaled.jpg?bwg=1729005784\" data-image-id=\"1036\" data-elementor-open-lightbox=\"no\">          <div class=\"bwg_mosaic_thumb_spun_0 bwg-item0 bwg-mosaic-thumb-span \">            <img decoding=\"async\" class=\"bwg_mosaic_thumb_0 skip-lazy bwg_img_clear bwg_img_custom \"                 id=\"1036\"                 src=\"https:\/\/frequence-sille.org\/newsite\/wp-content\/uploads\/photo-gallery\/imported_from_media_libray\/thumb\/Scene-scaled.jpg?bwg=1729005784\"                 data-src=\"https:\/\/frequence-sille.org\/newsite\/wp-content\/uploads\/photo-gallery\/imported_from_media_libray\/thumb\/Scene-scaled.jpg?bwg=1729005784\"                 data-width=\"300.00\"                 data-height=\"225.00\"                 alt=\"Sc\u00e8ne\"                 title=\"Sc\u00e8ne\" \/>                      <\/div>        <\/a>            <\/div>    <\/div>    <style>      \/*pagination styles*\/      #bwg_container1_0 #bwg_container2_0 .tablenav-pages_0 {\t\t\t\ttext-align: center;\t\t\t\tfont-size: 12px;\t\t\t\tfont-family: segoe ui;\t\t\t\tfont-weight: bold;\t\t\t\tcolor: #666666;\t\t\t\tmargin: 6px 0 4px;\t\t\t\tdisplay: block;      }      @media only screen and (max-width : 320px) {      #bwg_container1_0 #bwg_container2_0 .displaying-num_0 {     \t display: none;      }      }      #bwg_container1_0 #bwg_container2_0 .displaying-num_0 {\t\t\t\tfont-size: 12px;\t\t\t\tfont-family: segoe ui;\t\t\t\tfont-weight: bold;\t\t\t\tcolor: #666666;\t\t\t\tmargin-right: 10px;\t\t\t\tvertical-align: middle;      }      #bwg_container1_0 #bwg_container2_0 .paging-input_0 {\t\t\t\tfont-size: 12px;\t\t\t\tfont-family: segoe ui;\t\t\t\tfont-weight: bold;\t\t\t\tcolor: #666666;\t\t\t\tvertical-align: middle;      }      #bwg_container1_0 #bwg_container2_0 .tablenav-pages_0 a.disabled,      #bwg_container1_0 #bwg_container2_0 .tablenav-pages_0 a.disabled:hover,      #bwg_container1_0 #bwg_container2_0 .tablenav-pages_0 a.disabled:focus,\t\t\t#bwg_container1_0 #bwg_container2_0 .tablenav-pages_0 input.bwg_current_page {\t\t\t\tcursor: default;\t\t\t\tcolor: rgba(102, 102, 102, 0.5);      }      #bwg_container1_0 #bwg_container2_0 .tablenav-pages_0 a,      #bwg_container1_0 #bwg_container2_0 .tablenav-pages_0 input.bwg_current_page {\t\t\t\tcursor: pointer;\t\t\t\ttext-align: center;\t\t\t\tfont-size: 12px;\t\t\t\tfont-family: segoe ui;\t\t\t\tfont-weight: bold;\t\t\t\tcolor: #666666;\t\t\t\ttext-decoration: none;\t\t\t\tpadding: 3px 6px;\t\t\t\tmargin: 0;\t\t\t\tborder-radius: 0;\t\t\t\tborder-style: solid;\t\t\t\tborder-width: 1px;\t\t\t\tborder-color: #E3E3E3;\t\t\t\t\t\t\t\tbackground-color: rgba(255, 255, 255, 1.00);\t\t\t\tbox-shadow: 0;\t\t\t\ttransition: all 0.3s ease 0s;-webkit-transition: all 0.3s ease 0s;      }      <\/style>      <span class=\"bwg_nav_cont_0\">              <div class=\"tablenav-pages_0\">                  <\/div>                <input type=\"hidden\" id=\"page_number_0\" name=\"page_number_0\" value=\"1\" \/>      <script type=\"text\/javascript\">        if( jQuery('.bwg_nav_cont_0').length > 1 ) {          jQuery('.bwg_nav_cont_0').first().remove()        }        function spider_page_0(cur, x, y, load_more) {          if (typeof load_more == \"undefined\") {            var load_more = false;          }          if (jQuery(cur).hasClass('disabled')) {            return false;          }          var items_county_0 = 1;          switch (y) {            case 1:              if (x >= items_county_0) {                document.getElementById('page_number_0').value = items_county_0;              }              else {                document.getElementById('page_number_0').value = x + 1;              }              break;            case 2:              document.getElementById('page_number_0').value = items_county_0;              break;            case -1:              if (x == 1) {                document.getElementById('page_number_0').value = 1;              }              else {                document.getElementById('page_number_0').value = x - 1;              }              break;            case -2:              document.getElementById('page_number_0').value = 1;              break;\t\t\t\t\t\tcase 0:              document.getElementById('page_number_0').value = x;              break;            default:              document.getElementById('page_number_0').value = 1;          }          bwg_ajax('gal_front_form_0', '0', 'bwg_thumbnails_mosaic_0', '0', '', 'gallery', 0, '', '', load_more, '', 1);        }                    jQuery('.first-page-0').on('click', function () {              spider_page_0(this, 1, -2, 'numeric');              return false;            });            jQuery('.prev-page-0').on('click', function () {              spider_page_0(this, 1, -1, 'numeric');              return false;            });            jQuery('.next-page-0').on('click', function () {              spider_page_0(this, 1, 1, 'numeric');              return false;            });            jQuery('.last-page-0').on('click', function () {              spider_page_0(this, 1, 2, 'numeric');              return false;            });        \t\t\t\t\/* Change page on input enter. *\/        function bwg_change_page_0( e, that ) {          if (  e.key == 'Enter' ) {            var to_page = parseInt(jQuery(that).val());            var pages_count = jQuery(that).parents(\".pagination-links\").data(\"pages-count\");            var current_url_param = jQuery(that).attr('data-url-info');            if (to_page > pages_count) {              to_page = 1;            }\t \t\t\t\t\t\t\t\t\t\t\t\tspider_page_0(this, to_page, 0, 'numeric');\t\t\t\t\t\t\treturn false;\t\t\t\t\t\t          }          return true;        }        jQuery('.bwg_load_btn_0').on('click', function () {            spider_page_0(this, 1, 1, true);            return false;        });      <\/script>      <\/span>                <\/div>        <\/form>        <style>          #bwg_container1_0 #bwg_container2_0 #spider_popup_overlay_0 {          background-color: #000000;          opacity: 0.70;          }          <\/style>        <div id=\"bwg_spider_popup_loading_0\" class=\"bwg_spider_popup_loading\"><\/div>        <div id=\"spider_popup_overlay_0\" class=\"spider_popup_overlay\" onclick=\"spider_destroypopup(1000)\"><\/div>        <input type=\"hidden\" id=\"bwg_random_seed_0\" value=\"823410983\">                <\/div>    <\/div>    <script>      if (document.readyState === 'complete') {        if( typeof bwg_main_ready == 'function' ) {          if ( jQuery(\"#bwg_container1_0\").height() ) {            bwg_main_ready(jQuery(\"#bwg_container1_0\"));          }        }      } else {        document.addEventListener('DOMContentLoaded', function() {          if( typeof bwg_main_ready == 'function' ) {            if ( jQuery(\"#bwg_container1_0\").height() ) {             bwg_main_ready(jQuery(\"#bwg_container1_0\"));            }          }        });      }    <\/script>    \n","protected":false},"excerpt":{"rendered":"<p>Ce mardi 8 octobre a eu lieu la 2\u00e8me soir\u00e9e de la Communaut\u00e9 de Commune des Co\u00ebvrons durant laquelle les acteurs du territoires ont pu se retrouver et \u00e9changer et&hellip;<\/p>\n","protected":false},"author":1,"featured_media":14005,"comment_status":"closed","ping_status":"open","sticky":false,"template":"","format":"standard","meta":{"footnotes":""},"categories":[11,7],"tags":[],"class_list":["post-13976","post","type-post","status-publish","format-standard","has-post-thumbnail","hentry","category-evenements","category-vie-locale"],"yoast_head":"<!-- This site is optimized with the Yoast SEO plugin v27.5 - https:\/\/yoast.com\/product\/yoast-seo-wordpress\/ -->\n<title>La soir\u00e9e des Co\u00ebvrons - 2\u00e8me \u00e9dition - Fr\u00e9quence Sill\u00e9<\/title>\n<meta name=\"robots\" content=\"index, follow, max-snippet:-1, max-image-preview:large, max-video-preview:-1\" \/>\n<link rel=\"canonical\" href=\"https:\/\/frequence-sille.org\/newsite\/2024\/10\/15\/la-soiree-des-coevrons-2eme-edition\/\" \/>\n<meta property=\"og:locale\" content=\"fr_FR\" \/>\n<meta property=\"og:type\" content=\"article\" \/>\n<meta property=\"og:title\" content=\"La soir\u00e9e des Co\u00ebvrons - 2\u00e8me \u00e9dition - Fr\u00e9quence Sill\u00e9\" \/>\n<meta property=\"og:description\" content=\"Ce mardi 8 octobre a eu lieu la 2\u00e8me soir\u00e9e de la Communaut\u00e9 de Commune des Co\u00ebvrons durant laquelle les acteurs du territoires ont pu se retrouver et \u00e9changer et&hellip;\" \/>\n<meta property=\"og:url\" content=\"https:\/\/frequence-sille.org\/newsite\/2024\/10\/15\/la-soiree-des-coevrons-2eme-edition\/\" \/>\n<meta property=\"og:site_name\" content=\"Fr\u00e9quence Sill\u00e9\" \/>\n<meta property=\"article:publisher\" content=\"https:\/\/www.facebook.com\/frequencesille979fm\" \/>\n<meta property=\"article:published_time\" content=\"2024-10-15T15:28:59+00:00\" \/>\n<meta property=\"article:modified_time\" content=\"2024-10-17T06:10:09+00:00\" \/>\n<meta property=\"og:image\" content=\"https:\/\/frequence-sille.org\/newsite\/wp-content\/uploads\/2024\/10\/462090268_1058261069640829_5559664213339441515_n.jpg\" \/>\n\t<meta property=\"og:image:width\" content=\"2048\" \/>\n\t<meta property=\"og:image:height\" content=\"1365\" \/>\n\t<meta property=\"og:image:type\" content=\"image\/jpeg\" \/>\n<meta name=\"author\" content=\"Fr\u00e9quence Sill\u00e9\" \/>\n<meta name=\"twitter:card\" content=\"summary_large_image\" \/>\n<meta name=\"twitter:creator\" content=\"@freqsille979\" \/>\n<meta name=\"twitter:site\" content=\"@freqsille979\" \/>\n<meta name=\"twitter:label1\" content=\"\u00c9crit par\" \/>\n\t<meta name=\"twitter:data1\" content=\"Fr\u00e9quence Sill\u00e9\" \/>\n\t<meta name=\"twitter:label2\" content=\"Dur\u00e9e de lecture estim\u00e9e\" \/>\n\t<meta name=\"twitter:data2\" content=\"3 minutes\" \/>\n<script type=\"application\/ld+json\" class=\"yoast-schema-graph\">{\"@context\":\"https:\\\/\\\/schema.org\",\"@graph\":[{\"@type\":\"Article\",\"@id\":\"https:\\\/\\\/frequence-sille.org\\\/newsite\\\/2024\\\/10\\\/15\\\/la-soiree-des-coevrons-2eme-edition\\\/#article\",\"isPartOf\":{\"@id\":\"https:\\\/\\\/frequence-sille.org\\\/newsite\\\/2024\\\/10\\\/15\\\/la-soiree-des-coevrons-2eme-edition\\\/\"},\"author\":{\"name\":\"Fr\u00e9quence Sill\u00e9\",\"@id\":\"https:\\\/\\\/frequence-sille.org\\\/newsite\\\/#\\\/schema\\\/person\\\/b2ef2baba58f9c81a066ca894f156fc5\"},\"headline\":\"La soir\u00e9e des Co\u00ebvrons &#8211; 2\u00e8me \u00e9dition\",\"datePublished\":\"2024-10-15T15:28:59+00:00\",\"dateModified\":\"2024-10-17T06:10:09+00:00\",\"mainEntityOfPage\":{\"@id\":\"https:\\\/\\\/frequence-sille.org\\\/newsite\\\/2024\\\/10\\\/15\\\/la-soiree-des-coevrons-2eme-edition\\\/\"},\"wordCount\":569,\"publisher\":{\"@id\":\"https:\\\/\\\/frequence-sille.org\\\/newsite\\\/#organization\"},\"image\":{\"@id\":\"https:\\\/\\\/frequence-sille.org\\\/newsite\\\/2024\\\/10\\\/15\\\/la-soiree-des-coevrons-2eme-edition\\\/#primaryimage\"},\"thumbnailUrl\":\"https:\\\/\\\/frequence-sille.org\\\/newsite\\\/wp-content\\\/uploads\\\/2024\\\/10\\\/462090268_1058261069640829_5559664213339441515_n.jpg\",\"articleSection\":[\"Ev\u00e9nements\",\"Vie locale\"],\"inLanguage\":\"fr-FR\"},{\"@type\":\"WebPage\",\"@id\":\"https:\\\/\\\/frequence-sille.org\\\/newsite\\\/2024\\\/10\\\/15\\\/la-soiree-des-coevrons-2eme-edition\\\/\",\"url\":\"https:\\\/\\\/frequence-sille.org\\\/newsite\\\/2024\\\/10\\\/15\\\/la-soiree-des-coevrons-2eme-edition\\\/\",\"name\":\"La soir\u00e9e des Co\u00ebvrons - 2\u00e8me \u00e9dition - Fr\u00e9quence Sill\u00e9\",\"isPartOf\":{\"@id\":\"https:\\\/\\\/frequence-sille.org\\\/newsite\\\/#website\"},\"primaryImageOfPage\":{\"@id\":\"https:\\\/\\\/frequence-sille.org\\\/newsite\\\/2024\\\/10\\\/15\\\/la-soiree-des-coevrons-2eme-edition\\\/#primaryimage\"},\"image\":{\"@id\":\"https:\\\/\\\/frequence-sille.org\\\/newsite\\\/2024\\\/10\\\/15\\\/la-soiree-des-coevrons-2eme-edition\\\/#primaryimage\"},\"thumbnailUrl\":\"https:\\\/\\\/frequence-sille.org\\\/newsite\\\/wp-content\\\/uploads\\\/2024\\\/10\\\/462090268_1058261069640829_5559664213339441515_n.jpg\",\"datePublished\":\"2024-10-15T15:28:59+00:00\",\"dateModified\":\"2024-10-17T06:10:09+00:00\",\"breadcrumb\":{\"@id\":\"https:\\\/\\\/frequence-sille.org\\\/newsite\\\/2024\\\/10\\\/15\\\/la-soiree-des-coevrons-2eme-edition\\\/#breadcrumb\"},\"inLanguage\":\"fr-FR\",\"potentialAction\":[{\"@type\":\"ReadAction\",\"target\":[\"https:\\\/\\\/frequence-sille.org\\\/newsite\\\/2024\\\/10\\\/15\\\/la-soiree-des-coevrons-2eme-edition\\\/\"]}]},{\"@type\":\"ImageObject\",\"inLanguage\":\"fr-FR\",\"@id\":\"https:\\\/\\\/frequence-sille.org\\\/newsite\\\/2024\\\/10\\\/15\\\/la-soiree-des-coevrons-2eme-edition\\\/#primaryimage\",\"url\":\"https:\\\/\\\/frequence-sille.org\\\/newsite\\\/wp-content\\\/uploads\\\/2024\\\/10\\\/462090268_1058261069640829_5559664213339441515_n.jpg\",\"contentUrl\":\"https:\\\/\\\/frequence-sille.org\\\/newsite\\\/wp-content\\\/uploads\\\/2024\\\/10\\\/462090268_1058261069640829_5559664213339441515_n.jpg\",\"width\":2048,\"height\":1365},{\"@type\":\"BreadcrumbList\",\"@id\":\"https:\\\/\\\/frequence-sille.org\\\/newsite\\\/2024\\\/10\\\/15\\\/la-soiree-des-coevrons-2eme-edition\\\/#breadcrumb\",\"itemListElement\":[{\"@type\":\"ListItem\",\"position\":1,\"name\":\"Accueil\",\"item\":\"https:\\\/\\\/frequence-sille.org\\\/newsite\\\/\"},{\"@type\":\"ListItem\",\"position\":2,\"name\":\"La soir\u00e9e des Co\u00ebvrons &#8211; 2\u00e8me \u00e9dition\"}]},{\"@type\":\"WebSite\",\"@id\":\"https:\\\/\\\/frequence-sille.org\\\/newsite\\\/#website\",\"url\":\"https:\\\/\\\/frequence-sille.org\\\/newsite\\\/\",\"name\":\"Fr\u00e9quence Sill\u00e9\",\"description\":\"Bien plus qu&#039;une radio...votre radio !\",\"publisher\":{\"@id\":\"https:\\\/\\\/frequence-sille.org\\\/newsite\\\/#organization\"},\"potentialAction\":[{\"@type\":\"SearchAction\",\"target\":{\"@type\":\"EntryPoint\",\"urlTemplate\":\"https:\\\/\\\/frequence-sille.org\\\/newsite\\\/?s={search_term_string}\"},\"query-input\":{\"@type\":\"PropertyValueSpecification\",\"valueRequired\":true,\"valueName\":\"search_term_string\"}}],\"inLanguage\":\"fr-FR\"},{\"@type\":\"Organization\",\"@id\":\"https:\\\/\\\/frequence-sille.org\\\/newsite\\\/#organization\",\"name\":\"Fr\u00e9quence Sill\u00e9\",\"url\":\"https:\\\/\\\/frequence-sille.org\\\/newsite\\\/\",\"logo\":{\"@type\":\"ImageObject\",\"inLanguage\":\"fr-FR\",\"@id\":\"https:\\\/\\\/frequence-sille.org\\\/newsite\\\/#\\\/schema\\\/logo\\\/image\\\/\",\"url\":\"https:\\\/\\\/frequence-sille.org\\\/newsite\\\/wp-content\\\/uploads\\\/2023\\\/07\\\/LOGO_979_NOIR.png\",\"contentUrl\":\"https:\\\/\\\/frequence-sille.org\\\/newsite\\\/wp-content\\\/uploads\\\/2023\\\/07\\\/LOGO_979_NOIR.png\",\"width\":7680,\"height\":4320,\"caption\":\"Fr\u00e9quence Sill\u00e9\"},\"image\":{\"@id\":\"https:\\\/\\\/frequence-sille.org\\\/newsite\\\/#\\\/schema\\\/logo\\\/image\\\/\"},\"sameAs\":[\"https:\\\/\\\/www.facebook.com\\\/frequencesille979fm\",\"https:\\\/\\\/x.com\\\/freqsille979\",\"https:\\\/\\\/www.instagram.com\\\/frequencesille\\\/\"]},{\"@type\":\"Person\",\"@id\":\"https:\\\/\\\/frequence-sille.org\\\/newsite\\\/#\\\/schema\\\/person\\\/b2ef2baba58f9c81a066ca894f156fc5\",\"name\":\"Fr\u00e9quence Sill\u00e9\",\"image\":{\"@type\":\"ImageObject\",\"inLanguage\":\"fr-FR\",\"@id\":\"https:\\\/\\\/secure.gravatar.com\\\/avatar\\\/8edea065a20d07d283ef9c5595da1859244093fbe2c620eb7cb86d4a5cbb52d6?s=96&d=mm&r=g\",\"url\":\"https:\\\/\\\/secure.gravatar.com\\\/avatar\\\/8edea065a20d07d283ef9c5595da1859244093fbe2c620eb7cb86d4a5cbb52d6?s=96&d=mm&r=g\",\"contentUrl\":\"https:\\\/\\\/secure.gravatar.com\\\/avatar\\\/8edea065a20d07d283ef9c5595da1859244093fbe2c620eb7cb86d4a5cbb52d6?s=96&d=mm&r=g\",\"caption\":\"Fr\u00e9quence Sill\u00e9\"},\"url\":\"https:\\\/\\\/frequence-sille.org\\\/newsite\\\/author\\\/frequenc\\\/\"}]}<\/script>\n<!-- \/ Yoast SEO plugin. -->","yoast_head_json":{"title":"La soir\u00e9e des Co\u00ebvrons - 2\u00e8me \u00e9dition - Fr\u00e9quence Sill\u00e9","robots":{"index":"index","follow":"follow","max-snippet":"max-snippet:-1","max-image-preview":"max-image-preview:large","max-video-preview":"max-video-preview:-1"},"canonical":"https:\/\/frequence-sille.org\/newsite\/2024\/10\/15\/la-soiree-des-coevrons-2eme-edition\/","og_locale":"fr_FR","og_type":"article","og_title":"La soir\u00e9e des Co\u00ebvrons - 2\u00e8me \u00e9dition - Fr\u00e9quence Sill\u00e9","og_description":"Ce mardi 8 octobre a eu lieu la 2\u00e8me soir\u00e9e de la Communaut\u00e9 de Commune des Co\u00ebvrons durant laquelle les acteurs du territoires ont pu se retrouver et \u00e9changer et&hellip;","og_url":"https:\/\/frequence-sille.org\/newsite\/2024\/10\/15\/la-soiree-des-coevrons-2eme-edition\/","og_site_name":"Fr\u00e9quence Sill\u00e9","article_publisher":"https:\/\/www.facebook.com\/frequencesille979fm","article_published_time":"2024-10-15T15:28:59+00:00","article_modified_time":"2024-10-17T06:10:09+00:00","og_image":[{"width":2048,"height":1365,"url":"https:\/\/frequence-sille.org\/newsite\/wp-content\/uploads\/2024\/10\/462090268_1058261069640829_5559664213339441515_n.jpg","type":"image\/jpeg"}],"author":"Fr\u00e9quence Sill\u00e9","twitter_card":"summary_large_image","twitter_creator":"@freqsille979","twitter_site":"@freqsille979","twitter_misc":{"\u00c9crit par":"Fr\u00e9quence Sill\u00e9","Dur\u00e9e de lecture estim\u00e9e":"3 minutes"},"schema":{"@context":"https:\/\/schema.org","@graph":[{"@type":"Article","@id":"https:\/\/frequence-sille.org\/newsite\/2024\/10\/15\/la-soiree-des-coevrons-2eme-edition\/#article","isPartOf":{"@id":"https:\/\/frequence-sille.org\/newsite\/2024\/10\/15\/la-soiree-des-coevrons-2eme-edition\/"},"author":{"name":"Fr\u00e9quence Sill\u00e9","@id":"https:\/\/frequence-sille.org\/newsite\/#\/schema\/person\/b2ef2baba58f9c81a066ca894f156fc5"},"headline":"La soir\u00e9e des Co\u00ebvrons &#8211; 2\u00e8me \u00e9dition","datePublished":"2024-10-15T15:28:59+00:00","dateModified":"2024-10-17T06:10:09+00:00","mainEntityOfPage":{"@id":"https:\/\/frequence-sille.org\/newsite\/2024\/10\/15\/la-soiree-des-coevrons-2eme-edition\/"},"wordCount":569,"publisher":{"@id":"https:\/\/frequence-sille.org\/newsite\/#organization"},"image":{"@id":"https:\/\/frequence-sille.org\/newsite\/2024\/10\/15\/la-soiree-des-coevrons-2eme-edition\/#primaryimage"},"thumbnailUrl":"https:\/\/frequence-sille.org\/newsite\/wp-content\/uploads\/2024\/10\/462090268_1058261069640829_5559664213339441515_n.jpg","articleSection":["Ev\u00e9nements","Vie locale"],"inLanguage":"fr-FR"},{"@type":"WebPage","@id":"https:\/\/frequence-sille.org\/newsite\/2024\/10\/15\/la-soiree-des-coevrons-2eme-edition\/","url":"https:\/\/frequence-sille.org\/newsite\/2024\/10\/15\/la-soiree-des-coevrons-2eme-edition\/","name":"La soir\u00e9e des Co\u00ebvrons - 2\u00e8me \u00e9dition - Fr\u00e9quence Sill\u00e9","isPartOf":{"@id":"https:\/\/frequence-sille.org\/newsite\/#website"},"primaryImageOfPage":{"@id":"https:\/\/frequence-sille.org\/newsite\/2024\/10\/15\/la-soiree-des-coevrons-2eme-edition\/#primaryimage"},"image":{"@id":"https:\/\/frequence-sille.org\/newsite\/2024\/10\/15\/la-soiree-des-coevrons-2eme-edition\/#primaryimage"},"thumbnailUrl":"https:\/\/frequence-sille.org\/newsite\/wp-content\/uploads\/2024\/10\/462090268_1058261069640829_5559664213339441515_n.jpg","datePublished":"2024-10-15T15:28:59+00:00","dateModified":"2024-10-17T06:10:09+00:00","breadcrumb":{"@id":"https:\/\/frequence-sille.org\/newsite\/2024\/10\/15\/la-soiree-des-coevrons-2eme-edition\/#breadcrumb"},"inLanguage":"fr-FR","potentialAction":[{"@type":"ReadAction","target":["https:\/\/frequence-sille.org\/newsite\/2024\/10\/15\/la-soiree-des-coevrons-2eme-edition\/"]}]},{"@type":"ImageObject","inLanguage":"fr-FR","@id":"https:\/\/frequence-sille.org\/newsite\/2024\/10\/15\/la-soiree-des-coevrons-2eme-edition\/#primaryimage","url":"https:\/\/frequence-sille.org\/newsite\/wp-content\/uploads\/2024\/10\/462090268_1058261069640829_5559664213339441515_n.jpg","contentUrl":"https:\/\/frequence-sille.org\/newsite\/wp-content\/uploads\/2024\/10\/462090268_1058261069640829_5559664213339441515_n.jpg","width":2048,"height":1365},{"@type":"BreadcrumbList","@id":"https:\/\/frequence-sille.org\/newsite\/2024\/10\/15\/la-soiree-des-coevrons-2eme-edition\/#breadcrumb","itemListElement":[{"@type":"ListItem","position":1,"name":"Accueil","item":"https:\/\/frequence-sille.org\/newsite\/"},{"@type":"ListItem","position":2,"name":"La soir\u00e9e des Co\u00ebvrons &#8211; 2\u00e8me \u00e9dition"}]},{"@type":"WebSite","@id":"https:\/\/frequence-sille.org\/newsite\/#website","url":"https:\/\/frequence-sille.org\/newsite\/","name":"Fr\u00e9quence Sill\u00e9","description":"Bien plus qu&#039;une radio...votre radio !","publisher":{"@id":"https:\/\/frequence-sille.org\/newsite\/#organization"},"potentialAction":[{"@type":"SearchAction","target":{"@type":"EntryPoint","urlTemplate":"https:\/\/frequence-sille.org\/newsite\/?s={search_term_string}"},"query-input":{"@type":"PropertyValueSpecification","valueRequired":true,"valueName":"search_term_string"}}],"inLanguage":"fr-FR"},{"@type":"Organization","@id":"https:\/\/frequence-sille.org\/newsite\/#organization","name":"Fr\u00e9quence Sill\u00e9","url":"https:\/\/frequence-sille.org\/newsite\/","logo":{"@type":"ImageObject","inLanguage":"fr-FR","@id":"https:\/\/frequence-sille.org\/newsite\/#\/schema\/logo\/image\/","url":"https:\/\/frequence-sille.org\/newsite\/wp-content\/uploads\/2023\/07\/LOGO_979_NOIR.png","contentUrl":"https:\/\/frequence-sille.org\/newsite\/wp-content\/uploads\/2023\/07\/LOGO_979_NOIR.png","width":7680,"height":4320,"caption":"Fr\u00e9quence Sill\u00e9"},"image":{"@id":"https:\/\/frequence-sille.org\/newsite\/#\/schema\/logo\/image\/"},"sameAs":["https:\/\/www.facebook.com\/frequencesille979fm","https:\/\/x.com\/freqsille979","https:\/\/www.instagram.com\/frequencesille\/"]},{"@type":"Person","@id":"https:\/\/frequence-sille.org\/newsite\/#\/schema\/person\/b2ef2baba58f9c81a066ca894f156fc5","name":"Fr\u00e9quence Sill\u00e9","image":{"@type":"ImageObject","inLanguage":"fr-FR","@id":"https:\/\/secure.gravatar.com\/avatar\/8edea065a20d07d283ef9c5595da1859244093fbe2c620eb7cb86d4a5cbb52d6?s=96&d=mm&r=g","url":"https:\/\/secure.gravatar.com\/avatar\/8edea065a20d07d283ef9c5595da1859244093fbe2c620eb7cb86d4a5cbb52d6?s=96&d=mm&r=g","contentUrl":"https:\/\/secure.gravatar.com\/avatar\/8edea065a20d07d283ef9c5595da1859244093fbe2c620eb7cb86d4a5cbb52d6?s=96&d=mm&r=g","caption":"Fr\u00e9quence Sill\u00e9"},"url":"https:\/\/frequence-sille.org\/newsite\/author\/frequenc\/"}]}},"_links":{"self":[{"href":"https:\/\/frequence-sille.org\/newsite\/wp-json\/wp\/v2\/posts\/13976","targetHints":{"allow":["GET"]}}],"collection":[{"href":"https:\/\/frequence-sille.org\/newsite\/wp-json\/wp\/v2\/posts"}],"about":[{"href":"https:\/\/frequence-sille.org\/newsite\/wp-json\/wp\/v2\/types\/post"}],"author":[{"embeddable":true,"href":"https:\/\/frequence-sille.org\/newsite\/wp-json\/wp\/v2\/users\/1"}],"replies":[{"embeddable":true,"href":"https:\/\/frequence-sille.org\/newsite\/wp-json\/wp\/v2\/comments?post=13976"}],"version-history":[{"count":5,"href":"https:\/\/frequence-sille.org\/newsite\/wp-json\/wp\/v2\/posts\/13976\/revisions"}],"predecessor-version":[{"id":14004,"href":"https:\/\/frequence-sille.org\/newsite\/wp-json\/wp\/v2\/posts\/13976\/revisions\/14004"}],"wp:featuredmedia":[{"embeddable":true,"href":"https:\/\/frequence-sille.org\/newsite\/wp-json\/wp\/v2\/media\/14005"}],"wp:attachment":[{"href":"https:\/\/frequence-sille.org\/newsite\/wp-json\/wp\/v2\/media?parent=13976"}],"wp:term":[{"taxonomy":"category","embeddable":true,"href":"https:\/\/frequence-sille.org\/newsite\/wp-json\/wp\/v2\/categories?post=13976"},{"taxonomy":"post_tag","embeddable":true,"href":"https:\/\/frequence-sille.org\/newsite\/wp-json\/wp\/v2\/tags?post=13976"}],"curies":[{"name":"wp","href":"https:\/\/api.w.org\/{rel}","templated":true}]}}