{"id":14258,"date":"2024-11-19T10:13:56","date_gmt":"2024-11-19T09:13:56","guid":{"rendered":"https:\/\/frequence-sille.org\/newsite\/?p=14258"},"modified":"2024-11-19T10:13:58","modified_gmt":"2024-11-19T09:13:58","slug":"la-societe-musicale-de-beaumont-sur-sarthe-organise-le-concert-de-la-sainte-cecile-ce-samedi-23-novembre-a-beaumont-sur-sarthe","status":"publish","type":"post","link":"https:\/\/frequence-sille.org\/newsite\/2024\/11\/19\/la-societe-musicale-de-beaumont-sur-sarthe-organise-le-concert-de-la-sainte-cecile-ce-samedi-23-novembre-a-beaumont-sur-sarthe\/","title":{"rendered":"La soci\u00e9t\u00e9 musicale de Beaumont-sur-Sarthe organise le concert de la Sainte Cecile ce samedi 23 novembre \u00e0 Beaumont-sur-Sarthe"},"content":{"rendered":"\n<p>Nous avons eu en interview Pascal Jouvin, chef d&rsquo;orchestre de la soci\u00e9t\u00e9 musicale de Beaumont-sur-Sarthe. On pourra y retrouver sur sc\u00e8ne les musiciens de l&rsquo;Harmonie de Beaumont et les \u00e9l\u00e8ves de l&rsquo;\u00e9cole de musique danse et th\u00e9\u00e2tre CCHSAM \u00ab\u00a0Communaut\u00e9 de Communes Haute Sarthe Alpes Mancelles\u00a0\u00bb. Le concert de la Sainte Cecile est organis\u00e9 pour le samedi 23 novembre \u00e0 20h45 dans la salle \u00ab\u00a0Loisirs et cultures\u00a0\u00bb de Beaumont-sur-Sarthe. Entr\u00e9e gratuite.   <\/p>\n\n\n\n<iframe loading=\"lazy\" scrolling=\"no\" id=\"hearthis_at_track_11504877\" width=\"100%\" height=\"150\" src=\"https:\/\/app.hearthis.at\/embed\/11504877\/transparent_black\/?hcolor=&#038;color=&#038;style=2&#038;block_size=2&#038;block_space=1&#038;background=1&#038;waveform=0&#038;cover=0&#038;autoplay=0&#038;css=\" frameborder=\"0\" allowtransparency allow=\"autoplay\"><p>Listen to <a href=\"https:\/\/hearthis.at\/frequence-sille\/pascal-jouvin-harmonie-de-beaumont\/\" target=\"_blank\">Pascal Jouvin-Harmonie de Beaumont<\/a> <span>by<\/span><a href=\"https:\/\/hearthis.at\/frequence-sille\/\" target=\"_blank\" >Frequence Sill\u00e9<\/a> <span>on<\/span> <a href=\"https:\/\/hearthis.at\/\" target=\"_blank\">hearthis.at<\/a><\/p><\/iframe>\n","protected":false},"excerpt":{"rendered":"<p>Nous avons eu en interview Pascal Jouvin, chef d&rsquo;orchestre de la soci\u00e9t\u00e9 musicale de Beaumont-sur-Sarthe. On pourra y retrouver sur sc\u00e8ne les musiciens de l&rsquo;Harmonie de Beaumont et les \u00e9l\u00e8ves&hellip;<\/p>\n","protected":false},"author":1,"featured_media":14259,"comment_status":"closed","ping_status":"open","sticky":false,"template":"","format":"standard","meta":{"footnotes":""},"categories":[15,11],"tags":[],"class_list":["post-14258","post","type-post","status-publish","format-standard","has-post-thumbnail","hentry","category-culture","category-evenements"],"yoast_head":"<!-- This site is optimized with the Yoast SEO plugin v27.5 - https:\/\/yoast.com\/product\/yoast-seo-wordpress\/ -->\n<title>La soci\u00e9t\u00e9 musicale de Beaumont-sur-Sarthe organise le concert de la Sainte Cecile ce samedi 23 novembre \u00e0 Beaumont-sur-Sarthe - Fr\u00e9quence Sill\u00e9<\/title>\n<meta name=\"robots\" content=\"index, follow, max-snippet:-1, max-image-preview:large, max-video-preview:-1\" \/>\n<link rel=\"canonical\" href=\"https:\/\/frequence-sille.org\/newsite\/2024\/11\/19\/la-societe-musicale-de-beaumont-sur-sarthe-organise-le-concert-de-la-sainte-cecile-ce-samedi-23-novembre-a-beaumont-sur-sarthe\/\" \/>\n<meta property=\"og:locale\" content=\"fr_FR\" \/>\n<meta property=\"og:type\" content=\"article\" \/>\n<meta property=\"og:title\" content=\"La soci\u00e9t\u00e9 musicale de Beaumont-sur-Sarthe organise le concert de la Sainte Cecile ce samedi 23 novembre \u00e0 Beaumont-sur-Sarthe - Fr\u00e9quence Sill\u00e9\" \/>\n<meta property=\"og:description\" content=\"Nous avons eu en interview Pascal Jouvin, chef d&rsquo;orchestre de la soci\u00e9t\u00e9 musicale de Beaumont-sur-Sarthe. On pourra y retrouver sur sc\u00e8ne les musiciens de l&rsquo;Harmonie de Beaumont et les \u00e9l\u00e8ves&hellip;\" \/>\n<meta property=\"og:url\" content=\"https:\/\/frequence-sille.org\/newsite\/2024\/11\/19\/la-societe-musicale-de-beaumont-sur-sarthe-organise-le-concert-de-la-sainte-cecile-ce-samedi-23-novembre-a-beaumont-sur-sarthe\/\" \/>\n<meta property=\"og:site_name\" content=\"Fr\u00e9quence Sill\u00e9\" \/>\n<meta property=\"article:publisher\" content=\"https:\/\/www.facebook.com\/frequencesille979fm\" \/>\n<meta property=\"article:published_time\" content=\"2024-11-19T09:13:56+00:00\" \/>\n<meta property=\"article:modified_time\" content=\"2024-11-19T09:13:58+00:00\" \/>\n<meta property=\"og:image\" content=\"https:\/\/frequence-sille.org\/newsite\/wp-content\/uploads\/2024\/11\/Invitation_Ste_Cecile_2024.jpg\" \/>\n\t<meta property=\"og:image:width\" content=\"1129\" \/>\n\t<meta property=\"og:image:height\" content=\"386\" \/>\n\t<meta property=\"og:image:type\" content=\"image\/jpeg\" \/>\n<meta name=\"author\" content=\"Fr\u00e9quence Sill\u00e9\" \/>\n<meta name=\"twitter:card\" content=\"summary_large_image\" \/>\n<meta name=\"twitter:creator\" content=\"@freqsille979\" \/>\n<meta name=\"twitter:site\" content=\"@freqsille979\" \/>\n<meta name=\"twitter:label1\" content=\"\u00c9crit par\" \/>\n\t<meta name=\"twitter:data1\" content=\"Fr\u00e9quence Sill\u00e9\" \/>\n\t<meta name=\"twitter:label2\" content=\"Dur\u00e9e de lecture estim\u00e9e\" \/>\n\t<meta name=\"twitter:data2\" content=\"1 minute\" \/>\n<script type=\"application\/ld+json\" class=\"yoast-schema-graph\">{\"@context\":\"https:\\\/\\\/schema.org\",\"@graph\":[{\"@type\":\"Article\",\"@id\":\"https:\\\/\\\/frequence-sille.org\\\/newsite\\\/2024\\\/11\\\/19\\\/la-societe-musicale-de-beaumont-sur-sarthe-organise-le-concert-de-la-sainte-cecile-ce-samedi-23-novembre-a-beaumont-sur-sarthe\\\/#article\",\"isPartOf\":{\"@id\":\"https:\\\/\\\/frequence-sille.org\\\/newsite\\\/2024\\\/11\\\/19\\\/la-societe-musicale-de-beaumont-sur-sarthe-organise-le-concert-de-la-sainte-cecile-ce-samedi-23-novembre-a-beaumont-sur-sarthe\\\/\"},\"author\":{\"name\":\"Fr\u00e9quence Sill\u00e9\",\"@id\":\"https:\\\/\\\/frequence-sille.org\\\/newsite\\\/#\\\/schema\\\/person\\\/b2ef2baba58f9c81a066ca894f156fc5\"},\"headline\":\"La soci\u00e9t\u00e9 musicale de Beaumont-sur-Sarthe organise le concert de la Sainte Cecile ce samedi 23 novembre \u00e0 Beaumont-sur-Sarthe\",\"datePublished\":\"2024-11-19T09:13:56+00:00\",\"dateModified\":\"2024-11-19T09:13:58+00:00\",\"mainEntityOfPage\":{\"@id\":\"https:\\\/\\\/frequence-sille.org\\\/newsite\\\/2024\\\/11\\\/19\\\/la-societe-musicale-de-beaumont-sur-sarthe-organise-le-concert-de-la-sainte-cecile-ce-samedi-23-novembre-a-beaumont-sur-sarthe\\\/\"},\"wordCount\":103,\"publisher\":{\"@id\":\"https:\\\/\\\/frequence-sille.org\\\/newsite\\\/#organization\"},\"image\":{\"@id\":\"https:\\\/\\\/frequence-sille.org\\\/newsite\\\/2024\\\/11\\\/19\\\/la-societe-musicale-de-beaumont-sur-sarthe-organise-le-concert-de-la-sainte-cecile-ce-samedi-23-novembre-a-beaumont-sur-sarthe\\\/#primaryimage\"},\"thumbnailUrl\":\"https:\\\/\\\/frequence-sille.org\\\/newsite\\\/wp-content\\\/uploads\\\/2024\\\/11\\\/Invitation_Ste_Cecile_2024.jpg\",\"articleSection\":[\"Culture\",\"Ev\u00e9nements\"],\"inLanguage\":\"fr-FR\"},{\"@type\":\"WebPage\",\"@id\":\"https:\\\/\\\/frequence-sille.org\\\/newsite\\\/2024\\\/11\\\/19\\\/la-societe-musicale-de-beaumont-sur-sarthe-organise-le-concert-de-la-sainte-cecile-ce-samedi-23-novembre-a-beaumont-sur-sarthe\\\/\",\"url\":\"https:\\\/\\\/frequence-sille.org\\\/newsite\\\/2024\\\/11\\\/19\\\/la-societe-musicale-de-beaumont-sur-sarthe-organise-le-concert-de-la-sainte-cecile-ce-samedi-23-novembre-a-beaumont-sur-sarthe\\\/\",\"name\":\"La soci\u00e9t\u00e9 musicale de Beaumont-sur-Sarthe organise le concert de la Sainte Cecile ce samedi 23 novembre \u00e0 Beaumont-sur-Sarthe - Fr\u00e9quence Sill\u00e9\",\"isPartOf\":{\"@id\":\"https:\\\/\\\/frequence-sille.org\\\/newsite\\\/#website\"},\"primaryImageOfPage\":{\"@id\":\"https:\\\/\\\/frequence-sille.org\\\/newsite\\\/2024\\\/11\\\/19\\\/la-societe-musicale-de-beaumont-sur-sarthe-organise-le-concert-de-la-sainte-cecile-ce-samedi-23-novembre-a-beaumont-sur-sarthe\\\/#primaryimage\"},\"image\":{\"@id\":\"https:\\\/\\\/frequence-sille.org\\\/newsite\\\/2024\\\/11\\\/19\\\/la-societe-musicale-de-beaumont-sur-sarthe-organise-le-concert-de-la-sainte-cecile-ce-samedi-23-novembre-a-beaumont-sur-sarthe\\\/#primaryimage\"},\"thumbnailUrl\":\"https:\\\/\\\/frequence-sille.org\\\/newsite\\\/wp-content\\\/uploads\\\/2024\\\/11\\\/Invitation_Ste_Cecile_2024.jpg\",\"datePublished\":\"2024-11-19T09:13:56+00:00\",\"dateModified\":\"2024-11-19T09:13:58+00:00\",\"breadcrumb\":{\"@id\":\"https:\\\/\\\/frequence-sille.org\\\/newsite\\\/2024\\\/11\\\/19\\\/la-societe-musicale-de-beaumont-sur-sarthe-organise-le-concert-de-la-sainte-cecile-ce-samedi-23-novembre-a-beaumont-sur-sarthe\\\/#breadcrumb\"},\"inLanguage\":\"fr-FR\",\"potentialAction\":[{\"@type\":\"ReadAction\",\"target\":[\"https:\\\/\\\/frequence-sille.org\\\/newsite\\\/2024\\\/11\\\/19\\\/la-societe-musicale-de-beaumont-sur-sarthe-organise-le-concert-de-la-sainte-cecile-ce-samedi-23-novembre-a-beaumont-sur-sarthe\\\/\"]}]},{\"@type\":\"ImageObject\",\"inLanguage\":\"fr-FR\",\"@id\":\"https:\\\/\\\/frequence-sille.org\\\/newsite\\\/2024\\\/11\\\/19\\\/la-societe-musicale-de-beaumont-sur-sarthe-organise-le-concert-de-la-sainte-cecile-ce-samedi-23-novembre-a-beaumont-sur-sarthe\\\/#primaryimage\",\"url\":\"https:\\\/\\\/frequence-sille.org\\\/newsite\\\/wp-content\\\/uploads\\\/2024\\\/11\\\/Invitation_Ste_Cecile_2024.jpg\",\"contentUrl\":\"https:\\\/\\\/frequence-sille.org\\\/newsite\\\/wp-content\\\/uploads\\\/2024\\\/11\\\/Invitation_Ste_Cecile_2024.jpg\",\"width\":1129,\"height\":386},{\"@type\":\"BreadcrumbList\",\"@id\":\"https:\\\/\\\/frequence-sille.org\\\/newsite\\\/2024\\\/11\\\/19\\\/la-societe-musicale-de-beaumont-sur-sarthe-organise-le-concert-de-la-sainte-cecile-ce-samedi-23-novembre-a-beaumont-sur-sarthe\\\/#breadcrumb\",\"itemListElement\":[{\"@type\":\"ListItem\",\"position\":1,\"name\":\"Accueil\",\"item\":\"https:\\\/\\\/frequence-sille.org\\\/newsite\\\/\"},{\"@type\":\"ListItem\",\"position\":2,\"name\":\"La soci\u00e9t\u00e9 musicale de Beaumont-sur-Sarthe organise le concert de la Sainte Cecile ce samedi 23 novembre \u00e0 Beaumont-sur-Sarthe\"}]},{\"@type\":\"WebSite\",\"@id\":\"https:\\\/\\\/frequence-sille.org\\\/newsite\\\/#website\",\"url\":\"https:\\\/\\\/frequence-sille.org\\\/newsite\\\/\",\"name\":\"Fr\u00e9quence Sill\u00e9\",\"description\":\"Bien plus qu&#039;une radio...votre radio !\",\"publisher\":{\"@id\":\"https:\\\/\\\/frequence-sille.org\\\/newsite\\\/#organization\"},\"potentialAction\":[{\"@type\":\"SearchAction\",\"target\":{\"@type\":\"EntryPoint\",\"urlTemplate\":\"https:\\\/\\\/frequence-sille.org\\\/newsite\\\/?s={search_term_string}\"},\"query-input\":{\"@type\":\"PropertyValueSpecification\",\"valueRequired\":true,\"valueName\":\"search_term_string\"}}],\"inLanguage\":\"fr-FR\"},{\"@type\":\"Organization\",\"@id\":\"https:\\\/\\\/frequence-sille.org\\\/newsite\\\/#organization\",\"name\":\"Fr\u00e9quence Sill\u00e9\",\"url\":\"https:\\\/\\\/frequence-sille.org\\\/newsite\\\/\",\"logo\":{\"@type\":\"ImageObject\",\"inLanguage\":\"fr-FR\",\"@id\":\"https:\\\/\\\/frequence-sille.org\\\/newsite\\\/#\\\/schema\\\/logo\\\/image\\\/\",\"url\":\"https:\\\/\\\/frequence-sille.org\\\/newsite\\\/wp-content\\\/uploads\\\/2023\\\/07\\\/LOGO_979_NOIR.png\",\"contentUrl\":\"https:\\\/\\\/frequence-sille.org\\\/newsite\\\/wp-content\\\/uploads\\\/2023\\\/07\\\/LOGO_979_NOIR.png\",\"width\":7680,\"height\":4320,\"caption\":\"Fr\u00e9quence Sill\u00e9\"},\"image\":{\"@id\":\"https:\\\/\\\/frequence-sille.org\\\/newsite\\\/#\\\/schema\\\/logo\\\/image\\\/\"},\"sameAs\":[\"https:\\\/\\\/www.facebook.com\\\/frequencesille979fm\",\"https:\\\/\\\/x.com\\\/freqsille979\",\"https:\\\/\\\/www.instagram.com\\\/frequencesille\\\/\"]},{\"@type\":\"Person\",\"@id\":\"https:\\\/\\\/frequence-sille.org\\\/newsite\\\/#\\\/schema\\\/person\\\/b2ef2baba58f9c81a066ca894f156fc5\",\"name\":\"Fr\u00e9quence Sill\u00e9\",\"image\":{\"@type\":\"ImageObject\",\"inLanguage\":\"fr-FR\",\"@id\":\"https:\\\/\\\/secure.gravatar.com\\\/avatar\\\/8edea065a20d07d283ef9c5595da1859244093fbe2c620eb7cb86d4a5cbb52d6?s=96&d=mm&r=g\",\"url\":\"https:\\\/\\\/secure.gravatar.com\\\/avatar\\\/8edea065a20d07d283ef9c5595da1859244093fbe2c620eb7cb86d4a5cbb52d6?s=96&d=mm&r=g\",\"contentUrl\":\"https:\\\/\\\/secure.gravatar.com\\\/avatar\\\/8edea065a20d07d283ef9c5595da1859244093fbe2c620eb7cb86d4a5cbb52d6?s=96&d=mm&r=g\",\"caption\":\"Fr\u00e9quence Sill\u00e9\"},\"url\":\"https:\\\/\\\/frequence-sille.org\\\/newsite\\\/author\\\/frequenc\\\/\"}]}<\/script>\n<!-- \/ Yoast SEO plugin. -->","yoast_head_json":{"title":"La soci\u00e9t\u00e9 musicale de Beaumont-sur-Sarthe organise le concert de la Sainte Cecile ce samedi 23 novembre \u00e0 Beaumont-sur-Sarthe - Fr\u00e9quence Sill\u00e9","robots":{"index":"index","follow":"follow","max-snippet":"max-snippet:-1","max-image-preview":"max-image-preview:large","max-video-preview":"max-video-preview:-1"},"canonical":"https:\/\/frequence-sille.org\/newsite\/2024\/11\/19\/la-societe-musicale-de-beaumont-sur-sarthe-organise-le-concert-de-la-sainte-cecile-ce-samedi-23-novembre-a-beaumont-sur-sarthe\/","og_locale":"fr_FR","og_type":"article","og_title":"La soci\u00e9t\u00e9 musicale de Beaumont-sur-Sarthe organise le concert de la Sainte Cecile ce samedi 23 novembre \u00e0 Beaumont-sur-Sarthe - Fr\u00e9quence Sill\u00e9","og_description":"Nous avons eu en interview Pascal Jouvin, chef d&rsquo;orchestre de la soci\u00e9t\u00e9 musicale de Beaumont-sur-Sarthe. On pourra y retrouver sur sc\u00e8ne les musiciens de l&rsquo;Harmonie de Beaumont et les \u00e9l\u00e8ves&hellip;","og_url":"https:\/\/frequence-sille.org\/newsite\/2024\/11\/19\/la-societe-musicale-de-beaumont-sur-sarthe-organise-le-concert-de-la-sainte-cecile-ce-samedi-23-novembre-a-beaumont-sur-sarthe\/","og_site_name":"Fr\u00e9quence Sill\u00e9","article_publisher":"https:\/\/www.facebook.com\/frequencesille979fm","article_published_time":"2024-11-19T09:13:56+00:00","article_modified_time":"2024-11-19T09:13:58+00:00","og_image":[{"width":1129,"height":386,"url":"https:\/\/frequence-sille.org\/newsite\/wp-content\/uploads\/2024\/11\/Invitation_Ste_Cecile_2024.jpg","type":"image\/jpeg"}],"author":"Fr\u00e9quence Sill\u00e9","twitter_card":"summary_large_image","twitter_creator":"@freqsille979","twitter_site":"@freqsille979","twitter_misc":{"\u00c9crit par":"Fr\u00e9quence Sill\u00e9","Dur\u00e9e de lecture estim\u00e9e":"1 minute"},"schema":{"@context":"https:\/\/schema.org","@graph":[{"@type":"Article","@id":"https:\/\/frequence-sille.org\/newsite\/2024\/11\/19\/la-societe-musicale-de-beaumont-sur-sarthe-organise-le-concert-de-la-sainte-cecile-ce-samedi-23-novembre-a-beaumont-sur-sarthe\/#article","isPartOf":{"@id":"https:\/\/frequence-sille.org\/newsite\/2024\/11\/19\/la-societe-musicale-de-beaumont-sur-sarthe-organise-le-concert-de-la-sainte-cecile-ce-samedi-23-novembre-a-beaumont-sur-sarthe\/"},"author":{"name":"Fr\u00e9quence Sill\u00e9","@id":"https:\/\/frequence-sille.org\/newsite\/#\/schema\/person\/b2ef2baba58f9c81a066ca894f156fc5"},"headline":"La soci\u00e9t\u00e9 musicale de Beaumont-sur-Sarthe organise le concert de la Sainte Cecile ce samedi 23 novembre \u00e0 Beaumont-sur-Sarthe","datePublished":"2024-11-19T09:13:56+00:00","dateModified":"2024-11-19T09:13:58+00:00","mainEntityOfPage":{"@id":"https:\/\/frequence-sille.org\/newsite\/2024\/11\/19\/la-societe-musicale-de-beaumont-sur-sarthe-organise-le-concert-de-la-sainte-cecile-ce-samedi-23-novembre-a-beaumont-sur-sarthe\/"},"wordCount":103,"publisher":{"@id":"https:\/\/frequence-sille.org\/newsite\/#organization"},"image":{"@id":"https:\/\/frequence-sille.org\/newsite\/2024\/11\/19\/la-societe-musicale-de-beaumont-sur-sarthe-organise-le-concert-de-la-sainte-cecile-ce-samedi-23-novembre-a-beaumont-sur-sarthe\/#primaryimage"},"thumbnailUrl":"https:\/\/frequence-sille.org\/newsite\/wp-content\/uploads\/2024\/11\/Invitation_Ste_Cecile_2024.jpg","articleSection":["Culture","Ev\u00e9nements"],"inLanguage":"fr-FR"},{"@type":"WebPage","@id":"https:\/\/frequence-sille.org\/newsite\/2024\/11\/19\/la-societe-musicale-de-beaumont-sur-sarthe-organise-le-concert-de-la-sainte-cecile-ce-samedi-23-novembre-a-beaumont-sur-sarthe\/","url":"https:\/\/frequence-sille.org\/newsite\/2024\/11\/19\/la-societe-musicale-de-beaumont-sur-sarthe-organise-le-concert-de-la-sainte-cecile-ce-samedi-23-novembre-a-beaumont-sur-sarthe\/","name":"La soci\u00e9t\u00e9 musicale de Beaumont-sur-Sarthe organise le concert de la Sainte Cecile ce samedi 23 novembre \u00e0 Beaumont-sur-Sarthe - Fr\u00e9quence Sill\u00e9","isPartOf":{"@id":"https:\/\/frequence-sille.org\/newsite\/#website"},"primaryImageOfPage":{"@id":"https:\/\/frequence-sille.org\/newsite\/2024\/11\/19\/la-societe-musicale-de-beaumont-sur-sarthe-organise-le-concert-de-la-sainte-cecile-ce-samedi-23-novembre-a-beaumont-sur-sarthe\/#primaryimage"},"image":{"@id":"https:\/\/frequence-sille.org\/newsite\/2024\/11\/19\/la-societe-musicale-de-beaumont-sur-sarthe-organise-le-concert-de-la-sainte-cecile-ce-samedi-23-novembre-a-beaumont-sur-sarthe\/#primaryimage"},"thumbnailUrl":"https:\/\/frequence-sille.org\/newsite\/wp-content\/uploads\/2024\/11\/Invitation_Ste_Cecile_2024.jpg","datePublished":"2024-11-19T09:13:56+00:00","dateModified":"2024-11-19T09:13:58+00:00","breadcrumb":{"@id":"https:\/\/frequence-sille.org\/newsite\/2024\/11\/19\/la-societe-musicale-de-beaumont-sur-sarthe-organise-le-concert-de-la-sainte-cecile-ce-samedi-23-novembre-a-beaumont-sur-sarthe\/#breadcrumb"},"inLanguage":"fr-FR","potentialAction":[{"@type":"ReadAction","target":["https:\/\/frequence-sille.org\/newsite\/2024\/11\/19\/la-societe-musicale-de-beaumont-sur-sarthe-organise-le-concert-de-la-sainte-cecile-ce-samedi-23-novembre-a-beaumont-sur-sarthe\/"]}]},{"@type":"ImageObject","inLanguage":"fr-FR","@id":"https:\/\/frequence-sille.org\/newsite\/2024\/11\/19\/la-societe-musicale-de-beaumont-sur-sarthe-organise-le-concert-de-la-sainte-cecile-ce-samedi-23-novembre-a-beaumont-sur-sarthe\/#primaryimage","url":"https:\/\/frequence-sille.org\/newsite\/wp-content\/uploads\/2024\/11\/Invitation_Ste_Cecile_2024.jpg","contentUrl":"https:\/\/frequence-sille.org\/newsite\/wp-content\/uploads\/2024\/11\/Invitation_Ste_Cecile_2024.jpg","width":1129,"height":386},{"@type":"BreadcrumbList","@id":"https:\/\/frequence-sille.org\/newsite\/2024\/11\/19\/la-societe-musicale-de-beaumont-sur-sarthe-organise-le-concert-de-la-sainte-cecile-ce-samedi-23-novembre-a-beaumont-sur-sarthe\/#breadcrumb","itemListElement":[{"@type":"ListItem","position":1,"name":"Accueil","item":"https:\/\/frequence-sille.org\/newsite\/"},{"@type":"ListItem","position":2,"name":"La soci\u00e9t\u00e9 musicale de Beaumont-sur-Sarthe organise le concert de la Sainte Cecile ce samedi 23 novembre \u00e0 Beaumont-sur-Sarthe"}]},{"@type":"WebSite","@id":"https:\/\/frequence-sille.org\/newsite\/#website","url":"https:\/\/frequence-sille.org\/newsite\/","name":"Fr\u00e9quence Sill\u00e9","description":"Bien plus qu&#039;une radio...votre radio !","publisher":{"@id":"https:\/\/frequence-sille.org\/newsite\/#organization"},"potentialAction":[{"@type":"SearchAction","target":{"@type":"EntryPoint","urlTemplate":"https:\/\/frequence-sille.org\/newsite\/?s={search_term_string}"},"query-input":{"@type":"PropertyValueSpecification","valueRequired":true,"valueName":"search_term_string"}}],"inLanguage":"fr-FR"},{"@type":"Organization","@id":"https:\/\/frequence-sille.org\/newsite\/#organization","name":"Fr\u00e9quence Sill\u00e9","url":"https:\/\/frequence-sille.org\/newsite\/","logo":{"@type":"ImageObject","inLanguage":"fr-FR","@id":"https:\/\/frequence-sille.org\/newsite\/#\/schema\/logo\/image\/","url":"https:\/\/frequence-sille.org\/newsite\/wp-content\/uploads\/2023\/07\/LOGO_979_NOIR.png","contentUrl":"https:\/\/frequence-sille.org\/newsite\/wp-content\/uploads\/2023\/07\/LOGO_979_NOIR.png","width":7680,"height":4320,"caption":"Fr\u00e9quence Sill\u00e9"},"image":{"@id":"https:\/\/frequence-sille.org\/newsite\/#\/schema\/logo\/image\/"},"sameAs":["https:\/\/www.facebook.com\/frequencesille979fm","https:\/\/x.com\/freqsille979","https:\/\/www.instagram.com\/frequencesille\/"]},{"@type":"Person","@id":"https:\/\/frequence-sille.org\/newsite\/#\/schema\/person\/b2ef2baba58f9c81a066ca894f156fc5","name":"Fr\u00e9quence Sill\u00e9","image":{"@type":"ImageObject","inLanguage":"fr-FR","@id":"https:\/\/secure.gravatar.com\/avatar\/8edea065a20d07d283ef9c5595da1859244093fbe2c620eb7cb86d4a5cbb52d6?s=96&d=mm&r=g","url":"https:\/\/secure.gravatar.com\/avatar\/8edea065a20d07d283ef9c5595da1859244093fbe2c620eb7cb86d4a5cbb52d6?s=96&d=mm&r=g","contentUrl":"https:\/\/secure.gravatar.com\/avatar\/8edea065a20d07d283ef9c5595da1859244093fbe2c620eb7cb86d4a5cbb52d6?s=96&d=mm&r=g","caption":"Fr\u00e9quence Sill\u00e9"},"url":"https:\/\/frequence-sille.org\/newsite\/author\/frequenc\/"}]}},"_links":{"self":[{"href":"https:\/\/frequence-sille.org\/newsite\/wp-json\/wp\/v2\/posts\/14258","targetHints":{"allow":["GET"]}}],"collection":[{"href":"https:\/\/frequence-sille.org\/newsite\/wp-json\/wp\/v2\/posts"}],"about":[{"href":"https:\/\/frequence-sille.org\/newsite\/wp-json\/wp\/v2\/types\/post"}],"author":[{"embeddable":true,"href":"https:\/\/frequence-sille.org\/newsite\/wp-json\/wp\/v2\/users\/1"}],"replies":[{"embeddable":true,"href":"https:\/\/frequence-sille.org\/newsite\/wp-json\/wp\/v2\/comments?post=14258"}],"version-history":[{"count":1,"href":"https:\/\/frequence-sille.org\/newsite\/wp-json\/wp\/v2\/posts\/14258\/revisions"}],"predecessor-version":[{"id":14260,"href":"https:\/\/frequence-sille.org\/newsite\/wp-json\/wp\/v2\/posts\/14258\/revisions\/14260"}],"wp:featuredmedia":[{"embeddable":true,"href":"https:\/\/frequence-sille.org\/newsite\/wp-json\/wp\/v2\/media\/14259"}],"wp:attachment":[{"href":"https:\/\/frequence-sille.org\/newsite\/wp-json\/wp\/v2\/media?parent=14258"}],"wp:term":[{"taxonomy":"category","embeddable":true,"href":"https:\/\/frequence-sille.org\/newsite\/wp-json\/wp\/v2\/categories?post=14258"},{"taxonomy":"post_tag","embeddable":true,"href":"https:\/\/frequence-sille.org\/newsite\/wp-json\/wp\/v2\/tags?post=14258"}],"curies":[{"name":"wp","href":"https:\/\/api.w.org\/{rel}","templated":true}]}}