{"id":14308,"date":"2024-12-02T12:55:49","date_gmt":"2024-12-02T11:55:49","guid":{"rendered":"https:\/\/frequence-sille.org\/newsite\/?p=14308"},"modified":"2024-12-02T13:07:37","modified_gmt":"2024-12-02T12:07:37","slug":"marche-de-noel-a-mezangers-samedi-7-decembre","status":"publish","type":"post","link":"https:\/\/frequence-sille.org\/newsite\/2024\/12\/02\/marche-de-noel-a-mezangers-samedi-7-decembre\/","title":{"rendered":"March\u00e9 de No\u00ebl \u00e0 M\u00e9zangers samedi 7 d\u00e9cembre"},"content":{"rendered":"\n<p>Nous avons re\u00e7u Danielle de Craan, qui nous parle du march\u00e9 de No\u00ebl \u00e0 M\u00e9zangers organis\u00e9 le samedi 7 d\u00e9cembre de 10h \u00e0 19h par le comit\u00e9 des f\u00eates. Ce march\u00e9 r\u00e9unit 56 exposants dont des producteurs, des artisans et des artistes locaux qui proviennent de Sarthe et de Mayenne.  Retrouvez le programme de la journ\u00e9e ci dessous :<\/p>\n\n\n\n<ul class=\"wp-block-list\">\n<li>Maquillage pour enfant durant toute la journ\u00e9e<\/li>\n\n\n\n<li>Venue d&rsquo;un conteur d&rsquo;histoires \u00e0 partir de 16h<\/li>\n\n\n\n<li>Gouter offert pour les enfants autour de 16h45<\/li>\n<\/ul>\n\n\n\n<iframe loading=\"lazy\" scrolling=\"no\" id=\"hearthis_at_track_11533721\" width=\"100%\" height=\"150\" src=\"https:\/\/app.hearthis.at\/embed\/11533721\/transparent_black\/?hcolor=&#038;color=&#038;style=2&#038;block_size=2&#038;block_space=1&#038;background=1&#038;waveform=0&#038;cover=0&#038;autoplay=0&#038;css=\" frameborder=\"0\" allowtransparency allow=\"autoplay\"><p>Listen to <a href=\"https:\/\/hearthis.at\/frequence-sille\/danielle-de-craan-marche-noel-mezanger\/\" target=\"_blank\">Danielle de Craan- March\u00e9 No\u00ebl M\u00e9zanger<\/a> <span>by<\/span><a href=\"https:\/\/hearthis.at\/frequence-sille\/\" target=\"_blank\" >Frequence Sill\u00e9<\/a> <span>on<\/span> <a href=\"https:\/\/hearthis.at\/\" target=\"_blank\">hearthis.at<\/a><\/p><\/iframe>\n\n\n\n<figure class=\"wp-block-image size-full\"><img loading=\"lazy\" decoding=\"async\" width=\"259\" height=\"360\" src=\"https:\/\/frequence-sille.org\/newsite\/wp-content\/uploads\/2024\/12\/marche-de-noel-mezanger.webp\" alt=\"\" class=\"wp-image-14316\" srcset=\"https:\/\/frequence-sille.org\/newsite\/wp-content\/uploads\/2024\/12\/marche-de-noel-mezanger.webp 259w, https:\/\/frequence-sille.org\/newsite\/wp-content\/uploads\/2024\/12\/marche-de-noel-mezanger-216x300.webp 216w\" sizes=\"auto, (max-width: 259px) 100vw, 259px\" \/><\/figure>\n","protected":false},"excerpt":{"rendered":"<p>Nous avons re\u00e7u Danielle de Craan, qui nous parle du march\u00e9 de No\u00ebl \u00e0 M\u00e9zangers organis\u00e9 le samedi 7 d\u00e9cembre de 10h \u00e0 19h par le comit\u00e9 des f\u00eates. Ce&hellip;<\/p>\n","protected":false},"author":1,"featured_media":14314,"comment_status":"closed","ping_status":"open","sticky":false,"template":"","format":"standard","meta":{"footnotes":""},"categories":[15,11],"tags":[],"class_list":["post-14308","post","type-post","status-publish","format-standard","has-post-thumbnail","hentry","category-culture","category-evenements"],"yoast_head":"<!-- This site is optimized with the Yoast SEO plugin v27.5 - https:\/\/yoast.com\/product\/yoast-seo-wordpress\/ -->\n<title>March\u00e9 de No\u00ebl \u00e0 M\u00e9zangers samedi 7 d\u00e9cembre - Fr\u00e9quence Sill\u00e9<\/title>\n<meta name=\"robots\" content=\"index, follow, max-snippet:-1, max-image-preview:large, max-video-preview:-1\" \/>\n<link rel=\"canonical\" href=\"https:\/\/frequence-sille.org\/newsite\/2024\/12\/02\/marche-de-noel-a-mezangers-samedi-7-decembre\/\" \/>\n<meta property=\"og:locale\" content=\"fr_FR\" \/>\n<meta property=\"og:type\" content=\"article\" \/>\n<meta property=\"og:title\" content=\"March\u00e9 de No\u00ebl \u00e0 M\u00e9zangers samedi 7 d\u00e9cembre - Fr\u00e9quence Sill\u00e9\" \/>\n<meta property=\"og:description\" content=\"Nous avons re\u00e7u Danielle de Craan, qui nous parle du march\u00e9 de No\u00ebl \u00e0 M\u00e9zangers organis\u00e9 le samedi 7 d\u00e9cembre de 10h \u00e0 19h par le comit\u00e9 des f\u00eates. Ce&hellip;\" \/>\n<meta property=\"og:url\" content=\"https:\/\/frequence-sille.org\/newsite\/2024\/12\/02\/marche-de-noel-a-mezangers-samedi-7-decembre\/\" \/>\n<meta property=\"og:site_name\" content=\"Fr\u00e9quence Sill\u00e9\" \/>\n<meta property=\"article:publisher\" content=\"https:\/\/www.facebook.com\/frequencesille979fm\" \/>\n<meta property=\"article:published_time\" content=\"2024-12-02T11:55:49+00:00\" \/>\n<meta property=\"article:modified_time\" content=\"2024-12-02T12:07:37+00:00\" \/>\n<meta property=\"og:image\" content=\"https:\/\/frequence-sille.org\/newsite\/wp-content\/uploads\/2024\/12\/marche-noel.png\" \/>\n\t<meta property=\"og:image:width\" content=\"1024\" \/>\n\t<meta property=\"og:image:height\" content=\"512\" \/>\n\t<meta property=\"og:image:type\" content=\"image\/png\" \/>\n<meta name=\"author\" content=\"Fr\u00e9quence Sill\u00e9\" \/>\n<meta name=\"twitter:card\" content=\"summary_large_image\" \/>\n<meta name=\"twitter:creator\" content=\"@freqsille979\" \/>\n<meta name=\"twitter:site\" content=\"@freqsille979\" \/>\n<meta name=\"twitter:label1\" content=\"\u00c9crit par\" \/>\n\t<meta name=\"twitter:data1\" content=\"Fr\u00e9quence Sill\u00e9\" \/>\n\t<meta name=\"twitter:label2\" content=\"Dur\u00e9e de lecture estim\u00e9e\" \/>\n\t<meta name=\"twitter:data2\" content=\"1 minute\" \/>\n<script type=\"application\/ld+json\" class=\"yoast-schema-graph\">{\"@context\":\"https:\\\/\\\/schema.org\",\"@graph\":[{\"@type\":\"Article\",\"@id\":\"https:\\\/\\\/frequence-sille.org\\\/newsite\\\/2024\\\/12\\\/02\\\/marche-de-noel-a-mezangers-samedi-7-decembre\\\/#article\",\"isPartOf\":{\"@id\":\"https:\\\/\\\/frequence-sille.org\\\/newsite\\\/2024\\\/12\\\/02\\\/marche-de-noel-a-mezangers-samedi-7-decembre\\\/\"},\"author\":{\"name\":\"Fr\u00e9quence Sill\u00e9\",\"@id\":\"https:\\\/\\\/frequence-sille.org\\\/newsite\\\/#\\\/schema\\\/person\\\/b2ef2baba58f9c81a066ca894f156fc5\"},\"headline\":\"March\u00e9 de No\u00ebl \u00e0 M\u00e9zangers samedi 7 d\u00e9cembre\",\"datePublished\":\"2024-12-02T11:55:49+00:00\",\"dateModified\":\"2024-12-02T12:07:37+00:00\",\"mainEntityOfPage\":{\"@id\":\"https:\\\/\\\/frequence-sille.org\\\/newsite\\\/2024\\\/12\\\/02\\\/marche-de-noel-a-mezangers-samedi-7-decembre\\\/\"},\"wordCount\":109,\"publisher\":{\"@id\":\"https:\\\/\\\/frequence-sille.org\\\/newsite\\\/#organization\"},\"image\":{\"@id\":\"https:\\\/\\\/frequence-sille.org\\\/newsite\\\/2024\\\/12\\\/02\\\/marche-de-noel-a-mezangers-samedi-7-decembre\\\/#primaryimage\"},\"thumbnailUrl\":\"https:\\\/\\\/frequence-sille.org\\\/newsite\\\/wp-content\\\/uploads\\\/2024\\\/12\\\/marche-noel.png\",\"articleSection\":[\"Culture\",\"Ev\u00e9nements\"],\"inLanguage\":\"fr-FR\"},{\"@type\":\"WebPage\",\"@id\":\"https:\\\/\\\/frequence-sille.org\\\/newsite\\\/2024\\\/12\\\/02\\\/marche-de-noel-a-mezangers-samedi-7-decembre\\\/\",\"url\":\"https:\\\/\\\/frequence-sille.org\\\/newsite\\\/2024\\\/12\\\/02\\\/marche-de-noel-a-mezangers-samedi-7-decembre\\\/\",\"name\":\"March\u00e9 de No\u00ebl \u00e0 M\u00e9zangers samedi 7 d\u00e9cembre - Fr\u00e9quence Sill\u00e9\",\"isPartOf\":{\"@id\":\"https:\\\/\\\/frequence-sille.org\\\/newsite\\\/#website\"},\"primaryImageOfPage\":{\"@id\":\"https:\\\/\\\/frequence-sille.org\\\/newsite\\\/2024\\\/12\\\/02\\\/marche-de-noel-a-mezangers-samedi-7-decembre\\\/#primaryimage\"},\"image\":{\"@id\":\"https:\\\/\\\/frequence-sille.org\\\/newsite\\\/2024\\\/12\\\/02\\\/marche-de-noel-a-mezangers-samedi-7-decembre\\\/#primaryimage\"},\"thumbnailUrl\":\"https:\\\/\\\/frequence-sille.org\\\/newsite\\\/wp-content\\\/uploads\\\/2024\\\/12\\\/marche-noel.png\",\"datePublished\":\"2024-12-02T11:55:49+00:00\",\"dateModified\":\"2024-12-02T12:07:37+00:00\",\"breadcrumb\":{\"@id\":\"https:\\\/\\\/frequence-sille.org\\\/newsite\\\/2024\\\/12\\\/02\\\/marche-de-noel-a-mezangers-samedi-7-decembre\\\/#breadcrumb\"},\"inLanguage\":\"fr-FR\",\"potentialAction\":[{\"@type\":\"ReadAction\",\"target\":[\"https:\\\/\\\/frequence-sille.org\\\/newsite\\\/2024\\\/12\\\/02\\\/marche-de-noel-a-mezangers-samedi-7-decembre\\\/\"]}]},{\"@type\":\"ImageObject\",\"inLanguage\":\"fr-FR\",\"@id\":\"https:\\\/\\\/frequence-sille.org\\\/newsite\\\/2024\\\/12\\\/02\\\/marche-de-noel-a-mezangers-samedi-7-decembre\\\/#primaryimage\",\"url\":\"https:\\\/\\\/frequence-sille.org\\\/newsite\\\/wp-content\\\/uploads\\\/2024\\\/12\\\/marche-noel.png\",\"contentUrl\":\"https:\\\/\\\/frequence-sille.org\\\/newsite\\\/wp-content\\\/uploads\\\/2024\\\/12\\\/marche-noel.png\",\"width\":1024,\"height\":512},{\"@type\":\"BreadcrumbList\",\"@id\":\"https:\\\/\\\/frequence-sille.org\\\/newsite\\\/2024\\\/12\\\/02\\\/marche-de-noel-a-mezangers-samedi-7-decembre\\\/#breadcrumb\",\"itemListElement\":[{\"@type\":\"ListItem\",\"position\":1,\"name\":\"Accueil\",\"item\":\"https:\\\/\\\/frequence-sille.org\\\/newsite\\\/\"},{\"@type\":\"ListItem\",\"position\":2,\"name\":\"March\u00e9 de No\u00ebl \u00e0 M\u00e9zangers samedi 7 d\u00e9cembre\"}]},{\"@type\":\"WebSite\",\"@id\":\"https:\\\/\\\/frequence-sille.org\\\/newsite\\\/#website\",\"url\":\"https:\\\/\\\/frequence-sille.org\\\/newsite\\\/\",\"name\":\"Fr\u00e9quence Sill\u00e9\",\"description\":\"Bien plus qu&#039;une radio...votre radio !\",\"publisher\":{\"@id\":\"https:\\\/\\\/frequence-sille.org\\\/newsite\\\/#organization\"},\"potentialAction\":[{\"@type\":\"SearchAction\",\"target\":{\"@type\":\"EntryPoint\",\"urlTemplate\":\"https:\\\/\\\/frequence-sille.org\\\/newsite\\\/?s={search_term_string}\"},\"query-input\":{\"@type\":\"PropertyValueSpecification\",\"valueRequired\":true,\"valueName\":\"search_term_string\"}}],\"inLanguage\":\"fr-FR\"},{\"@type\":\"Organization\",\"@id\":\"https:\\\/\\\/frequence-sille.org\\\/newsite\\\/#organization\",\"name\":\"Fr\u00e9quence Sill\u00e9\",\"url\":\"https:\\\/\\\/frequence-sille.org\\\/newsite\\\/\",\"logo\":{\"@type\":\"ImageObject\",\"inLanguage\":\"fr-FR\",\"@id\":\"https:\\\/\\\/frequence-sille.org\\\/newsite\\\/#\\\/schema\\\/logo\\\/image\\\/\",\"url\":\"https:\\\/\\\/frequence-sille.org\\\/newsite\\\/wp-content\\\/uploads\\\/2023\\\/07\\\/LOGO_979_NOIR.png\",\"contentUrl\":\"https:\\\/\\\/frequence-sille.org\\\/newsite\\\/wp-content\\\/uploads\\\/2023\\\/07\\\/LOGO_979_NOIR.png\",\"width\":7680,\"height\":4320,\"caption\":\"Fr\u00e9quence Sill\u00e9\"},\"image\":{\"@id\":\"https:\\\/\\\/frequence-sille.org\\\/newsite\\\/#\\\/schema\\\/logo\\\/image\\\/\"},\"sameAs\":[\"https:\\\/\\\/www.facebook.com\\\/frequencesille979fm\",\"https:\\\/\\\/x.com\\\/freqsille979\",\"https:\\\/\\\/www.instagram.com\\\/frequencesille\\\/\"]},{\"@type\":\"Person\",\"@id\":\"https:\\\/\\\/frequence-sille.org\\\/newsite\\\/#\\\/schema\\\/person\\\/b2ef2baba58f9c81a066ca894f156fc5\",\"name\":\"Fr\u00e9quence Sill\u00e9\",\"image\":{\"@type\":\"ImageObject\",\"inLanguage\":\"fr-FR\",\"@id\":\"https:\\\/\\\/secure.gravatar.com\\\/avatar\\\/8edea065a20d07d283ef9c5595da1859244093fbe2c620eb7cb86d4a5cbb52d6?s=96&d=mm&r=g\",\"url\":\"https:\\\/\\\/secure.gravatar.com\\\/avatar\\\/8edea065a20d07d283ef9c5595da1859244093fbe2c620eb7cb86d4a5cbb52d6?s=96&d=mm&r=g\",\"contentUrl\":\"https:\\\/\\\/secure.gravatar.com\\\/avatar\\\/8edea065a20d07d283ef9c5595da1859244093fbe2c620eb7cb86d4a5cbb52d6?s=96&d=mm&r=g\",\"caption\":\"Fr\u00e9quence Sill\u00e9\"},\"url\":\"https:\\\/\\\/frequence-sille.org\\\/newsite\\\/author\\\/frequenc\\\/\"}]}<\/script>\n<!-- \/ Yoast SEO plugin. -->","yoast_head_json":{"title":"March\u00e9 de No\u00ebl \u00e0 M\u00e9zangers samedi 7 d\u00e9cembre - Fr\u00e9quence Sill\u00e9","robots":{"index":"index","follow":"follow","max-snippet":"max-snippet:-1","max-image-preview":"max-image-preview:large","max-video-preview":"max-video-preview:-1"},"canonical":"https:\/\/frequence-sille.org\/newsite\/2024\/12\/02\/marche-de-noel-a-mezangers-samedi-7-decembre\/","og_locale":"fr_FR","og_type":"article","og_title":"March\u00e9 de No\u00ebl \u00e0 M\u00e9zangers samedi 7 d\u00e9cembre - Fr\u00e9quence Sill\u00e9","og_description":"Nous avons re\u00e7u Danielle de Craan, qui nous parle du march\u00e9 de No\u00ebl \u00e0 M\u00e9zangers organis\u00e9 le samedi 7 d\u00e9cembre de 10h \u00e0 19h par le comit\u00e9 des f\u00eates. Ce&hellip;","og_url":"https:\/\/frequence-sille.org\/newsite\/2024\/12\/02\/marche-de-noel-a-mezangers-samedi-7-decembre\/","og_site_name":"Fr\u00e9quence Sill\u00e9","article_publisher":"https:\/\/www.facebook.com\/frequencesille979fm","article_published_time":"2024-12-02T11:55:49+00:00","article_modified_time":"2024-12-02T12:07:37+00:00","og_image":[{"width":1024,"height":512,"url":"https:\/\/frequence-sille.org\/newsite\/wp-content\/uploads\/2024\/12\/marche-noel.png","type":"image\/png"}],"author":"Fr\u00e9quence Sill\u00e9","twitter_card":"summary_large_image","twitter_creator":"@freqsille979","twitter_site":"@freqsille979","twitter_misc":{"\u00c9crit par":"Fr\u00e9quence Sill\u00e9","Dur\u00e9e de lecture estim\u00e9e":"1 minute"},"schema":{"@context":"https:\/\/schema.org","@graph":[{"@type":"Article","@id":"https:\/\/frequence-sille.org\/newsite\/2024\/12\/02\/marche-de-noel-a-mezangers-samedi-7-decembre\/#article","isPartOf":{"@id":"https:\/\/frequence-sille.org\/newsite\/2024\/12\/02\/marche-de-noel-a-mezangers-samedi-7-decembre\/"},"author":{"name":"Fr\u00e9quence Sill\u00e9","@id":"https:\/\/frequence-sille.org\/newsite\/#\/schema\/person\/b2ef2baba58f9c81a066ca894f156fc5"},"headline":"March\u00e9 de No\u00ebl \u00e0 M\u00e9zangers samedi 7 d\u00e9cembre","datePublished":"2024-12-02T11:55:49+00:00","dateModified":"2024-12-02T12:07:37+00:00","mainEntityOfPage":{"@id":"https:\/\/frequence-sille.org\/newsite\/2024\/12\/02\/marche-de-noel-a-mezangers-samedi-7-decembre\/"},"wordCount":109,"publisher":{"@id":"https:\/\/frequence-sille.org\/newsite\/#organization"},"image":{"@id":"https:\/\/frequence-sille.org\/newsite\/2024\/12\/02\/marche-de-noel-a-mezangers-samedi-7-decembre\/#primaryimage"},"thumbnailUrl":"https:\/\/frequence-sille.org\/newsite\/wp-content\/uploads\/2024\/12\/marche-noel.png","articleSection":["Culture","Ev\u00e9nements"],"inLanguage":"fr-FR"},{"@type":"WebPage","@id":"https:\/\/frequence-sille.org\/newsite\/2024\/12\/02\/marche-de-noel-a-mezangers-samedi-7-decembre\/","url":"https:\/\/frequence-sille.org\/newsite\/2024\/12\/02\/marche-de-noel-a-mezangers-samedi-7-decembre\/","name":"March\u00e9 de No\u00ebl \u00e0 M\u00e9zangers samedi 7 d\u00e9cembre - Fr\u00e9quence Sill\u00e9","isPartOf":{"@id":"https:\/\/frequence-sille.org\/newsite\/#website"},"primaryImageOfPage":{"@id":"https:\/\/frequence-sille.org\/newsite\/2024\/12\/02\/marche-de-noel-a-mezangers-samedi-7-decembre\/#primaryimage"},"image":{"@id":"https:\/\/frequence-sille.org\/newsite\/2024\/12\/02\/marche-de-noel-a-mezangers-samedi-7-decembre\/#primaryimage"},"thumbnailUrl":"https:\/\/frequence-sille.org\/newsite\/wp-content\/uploads\/2024\/12\/marche-noel.png","datePublished":"2024-12-02T11:55:49+00:00","dateModified":"2024-12-02T12:07:37+00:00","breadcrumb":{"@id":"https:\/\/frequence-sille.org\/newsite\/2024\/12\/02\/marche-de-noel-a-mezangers-samedi-7-decembre\/#breadcrumb"},"inLanguage":"fr-FR","potentialAction":[{"@type":"ReadAction","target":["https:\/\/frequence-sille.org\/newsite\/2024\/12\/02\/marche-de-noel-a-mezangers-samedi-7-decembre\/"]}]},{"@type":"ImageObject","inLanguage":"fr-FR","@id":"https:\/\/frequence-sille.org\/newsite\/2024\/12\/02\/marche-de-noel-a-mezangers-samedi-7-decembre\/#primaryimage","url":"https:\/\/frequence-sille.org\/newsite\/wp-content\/uploads\/2024\/12\/marche-noel.png","contentUrl":"https:\/\/frequence-sille.org\/newsite\/wp-content\/uploads\/2024\/12\/marche-noel.png","width":1024,"height":512},{"@type":"BreadcrumbList","@id":"https:\/\/frequence-sille.org\/newsite\/2024\/12\/02\/marche-de-noel-a-mezangers-samedi-7-decembre\/#breadcrumb","itemListElement":[{"@type":"ListItem","position":1,"name":"Accueil","item":"https:\/\/frequence-sille.org\/newsite\/"},{"@type":"ListItem","position":2,"name":"March\u00e9 de No\u00ebl \u00e0 M\u00e9zangers samedi 7 d\u00e9cembre"}]},{"@type":"WebSite","@id":"https:\/\/frequence-sille.org\/newsite\/#website","url":"https:\/\/frequence-sille.org\/newsite\/","name":"Fr\u00e9quence Sill\u00e9","description":"Bien plus qu&#039;une radio...votre radio !","publisher":{"@id":"https:\/\/frequence-sille.org\/newsite\/#organization"},"potentialAction":[{"@type":"SearchAction","target":{"@type":"EntryPoint","urlTemplate":"https:\/\/frequence-sille.org\/newsite\/?s={search_term_string}"},"query-input":{"@type":"PropertyValueSpecification","valueRequired":true,"valueName":"search_term_string"}}],"inLanguage":"fr-FR"},{"@type":"Organization","@id":"https:\/\/frequence-sille.org\/newsite\/#organization","name":"Fr\u00e9quence Sill\u00e9","url":"https:\/\/frequence-sille.org\/newsite\/","logo":{"@type":"ImageObject","inLanguage":"fr-FR","@id":"https:\/\/frequence-sille.org\/newsite\/#\/schema\/logo\/image\/","url":"https:\/\/frequence-sille.org\/newsite\/wp-content\/uploads\/2023\/07\/LOGO_979_NOIR.png","contentUrl":"https:\/\/frequence-sille.org\/newsite\/wp-content\/uploads\/2023\/07\/LOGO_979_NOIR.png","width":7680,"height":4320,"caption":"Fr\u00e9quence Sill\u00e9"},"image":{"@id":"https:\/\/frequence-sille.org\/newsite\/#\/schema\/logo\/image\/"},"sameAs":["https:\/\/www.facebook.com\/frequencesille979fm","https:\/\/x.com\/freqsille979","https:\/\/www.instagram.com\/frequencesille\/"]},{"@type":"Person","@id":"https:\/\/frequence-sille.org\/newsite\/#\/schema\/person\/b2ef2baba58f9c81a066ca894f156fc5","name":"Fr\u00e9quence Sill\u00e9","image":{"@type":"ImageObject","inLanguage":"fr-FR","@id":"https:\/\/secure.gravatar.com\/avatar\/8edea065a20d07d283ef9c5595da1859244093fbe2c620eb7cb86d4a5cbb52d6?s=96&d=mm&r=g","url":"https:\/\/secure.gravatar.com\/avatar\/8edea065a20d07d283ef9c5595da1859244093fbe2c620eb7cb86d4a5cbb52d6?s=96&d=mm&r=g","contentUrl":"https:\/\/secure.gravatar.com\/avatar\/8edea065a20d07d283ef9c5595da1859244093fbe2c620eb7cb86d4a5cbb52d6?s=96&d=mm&r=g","caption":"Fr\u00e9quence Sill\u00e9"},"url":"https:\/\/frequence-sille.org\/newsite\/author\/frequenc\/"}]}},"_links":{"self":[{"href":"https:\/\/frequence-sille.org\/newsite\/wp-json\/wp\/v2\/posts\/14308","targetHints":{"allow":["GET"]}}],"collection":[{"href":"https:\/\/frequence-sille.org\/newsite\/wp-json\/wp\/v2\/posts"}],"about":[{"href":"https:\/\/frequence-sille.org\/newsite\/wp-json\/wp\/v2\/types\/post"}],"author":[{"embeddable":true,"href":"https:\/\/frequence-sille.org\/newsite\/wp-json\/wp\/v2\/users\/1"}],"replies":[{"embeddable":true,"href":"https:\/\/frequence-sille.org\/newsite\/wp-json\/wp\/v2\/comments?post=14308"}],"version-history":[{"count":5,"href":"https:\/\/frequence-sille.org\/newsite\/wp-json\/wp\/v2\/posts\/14308\/revisions"}],"predecessor-version":[{"id":14318,"href":"https:\/\/frequence-sille.org\/newsite\/wp-json\/wp\/v2\/posts\/14308\/revisions\/14318"}],"wp:featuredmedia":[{"embeddable":true,"href":"https:\/\/frequence-sille.org\/newsite\/wp-json\/wp\/v2\/media\/14314"}],"wp:attachment":[{"href":"https:\/\/frequence-sille.org\/newsite\/wp-json\/wp\/v2\/media?parent=14308"}],"wp:term":[{"taxonomy":"category","embeddable":true,"href":"https:\/\/frequence-sille.org\/newsite\/wp-json\/wp\/v2\/categories?post=14308"},{"taxonomy":"post_tag","embeddable":true,"href":"https:\/\/frequence-sille.org\/newsite\/wp-json\/wp\/v2\/tags?post=14308"}],"curies":[{"name":"wp","href":"https:\/\/api.w.org\/{rel}","templated":true}]}}