{"id":14342,"date":"2024-12-05T13:26:23","date_gmt":"2024-12-05T12:26:23","guid":{"rendered":"https:\/\/frequence-sille.org\/newsite\/?p=14342"},"modified":"2025-09-16T13:47:19","modified_gmt":"2025-09-16T11:47:19","slug":"forum-des-metiers-a-mamers-2024","status":"publish","type":"post","link":"https:\/\/frequence-sille.org\/newsite\/2024\/12\/05\/forum-des-metiers-a-mamers-2024\/","title":{"rendered":"Forum des m\u00e9tiers 2024 \u00e0 Mamers"},"content":{"rendered":"\n<p>Retrouvez toutes les informations et toutes les interviews des exposants pr\u00e9sents lors du forum des m\u00e9tiers \u00e0 l&rsquo;espace Saugonna \u00e0 Mamers qui a eu lieu le jeudi 28 novembre 2024.<\/p>\n\n\n\n<iframe loading=\"lazy\" scrolling=\"no\" id=\"hearthis_at_user_457676-8445500\" width=\"100%\" height=\"760\" src=\"https:\/\/hearthis.at\/set\/457676-8445500\/embed\/\" frameborder=\"0\" allowtransparency allow=\"autoplay\"><\/iframe>\n\n\n\n<style id=\"bwg-style-0\">    #bwg_container1_0 #bwg_container2_0 .bwg-container-0.bwg-standard-thumbnails {      width: 904px;              justify-content: center;        margin:0 auto !important;              background-color: rgba(255, 255, 255, 0.00);            padding-left: 4px;      padding-top: 4px;      max-width: 100%;            }        #bwg_container1_0 #bwg_container2_0 .bwg-container-0.bwg-standard-thumbnails .bwg-item {    justify-content: flex-start;      max-width: 180px;            width: 180px !important;          }    #bwg_container1_0 #bwg_container2_0 .bwg-container-0.bwg-standard-thumbnails .bwg-item a {       margin-right: 4px;       margin-bottom: 4px;    }    #bwg_container1_0 #bwg_container2_0 .bwg-container-0.bwg-standard-thumbnails .bwg-item0 {      padding: 0px;            background-color:rgba(255,255,255, 0.30);      border: 0px none #CCCCCC;      opacity: 1.00;      border-radius: 0;      box-shadow: 0px 0px 0px #888888;    }    #bwg_container1_0 #bwg_container2_0 .bwg-container-0.bwg-standard-thumbnails .bwg-item1 img {      max-height: none;      max-width: none;      padding: 0 !important;    }        @media only screen and (min-width: 480px) {      #bwg_container1_0 #bwg_container2_0 .bwg-container-0.bwg-standard-thumbnails .bwg-item0 {        transition: all 0.3s ease 0s;-webkit-transition: all 0.3s ease 0s;      }      #bwg_container1_0 #bwg_container2_0 .bwg-container-0.bwg-standard-thumbnails .bwg-item0:hover {        -ms-transform: scale(1.1);        -webkit-transform: scale(1.1);        transform: scale(1.1);      }    }          #bwg_container1_0 #bwg_container2_0 .bwg-container-0.bwg-standard-thumbnails .bwg-item1 {      padding-top: 50%;    }        #bwg_container1_0 #bwg_container2_0 .bwg-container-0.bwg-standard-thumbnails .bwg-title2,    #bwg_container1_0 #bwg_container2_0 .bwg-container-0.bwg-standard-thumbnails .bwg-ecommerce2 {      color: #CCCCCC;      font-family: segoe ui;      font-size: 16px;      font-weight: bold;      padding: 2px;      text-shadow: 0px 0px 0px #888888;      max-height: 100%;    }    #bwg_container1_0 #bwg_container2_0 .bwg-container-0.bwg-standard-thumbnails .bwg-thumb-description span {    color: #323A45;    font-family: Ubuntu;    font-size: 12px;    max-height: 100%;    word-wrap: break-word;    }    #bwg_container1_0 #bwg_container2_0 .bwg-container-0.bwg-standard-thumbnails .bwg-play-icon2 {      font-size: 32px;    }    #bwg_container1_0 #bwg_container2_0 .bwg-container-0.bwg-standard-thumbnails .bwg-ecommerce2 {      font-size: 19.2px;      color: #CCCCCC;    }    <\/style>    <div id=\"bwg_container1_0\"         class=\"bwg_container bwg_thumbnail bwg_thumbnails \"         data-right-click-protection=\"0\"         data-bwg=\"0\"         data-scroll=\"0\"         data-gallery-type=\"thumbnails\"         data-gallery-view-type=\"thumbnails\"         data-current-url=\"\/newsite\/wp-json\/wp\/v2\/posts\/14342\"         data-lightbox-url=\"https:\/\/frequence-sille.org\/newsite\/wp-admin\/admin-ajax.php?action=GalleryBox&#038;current_view=0&#038;gallery_id=66&#038;tag=0&#038;theme_id=1&#038;shortcode_id=151&#038;sort_by=order&#038;order_by=asc&#038;current_url=%2Fnewsite%2Fwp-json%2Fwp%2Fv2%2Fposts%2F14342\"         data-gallery-id=\"66\"         data-popup-width=\"800\"         data-popup-height=\"500\"         data-is-album=\"gallery\"         data-buttons-position=\"bottom\">      <div id=\"bwg_container2_0\">             <div id=\"ajax_loading_0\" class=\"bwg_loading_div_1\">      <div class=\"bwg_loading_div_2\">        <div class=\"bwg_loading_div_3\">          <div id=\"loading_div_0\" class=\"bwg_spider_ajax_loading\">          <\/div>        <\/div>      <\/div>    <\/div>            <form id=\"gal_front_form_0\"              class=\"bwg-hidden\"              method=\"post\"              action=\"#\"              data-current=\"0\"              data-shortcode-id=\"151\"              data-gallery-type=\"thumbnails\"              data-gallery-id=\"66\"              data-tag=\"0\"              data-album-id=\"0\"              data-theme-id=\"1\"              data-ajax-url=\"https:\/\/frequence-sille.org\/newsite\/wp-admin\/admin-ajax.php?action=bwg_frontend_data\">          <div id=\"bwg_container3_0\" class=\"bwg-background bwg-background-0\">                <div data-max-count=\"5\"         data-thumbnail-width=\"180\"         data-bwg=\"0\"         data-gallery-id=\"66\"         data-lightbox-url=\"https:\/\/frequence-sille.org\/newsite\/wp-admin\/admin-ajax.php?action=GalleryBox&amp;current_view=0&amp;gallery_id=66&amp;tag=0&amp;theme_id=1&amp;shortcode_id=151&amp;sort_by=order&amp;order_by=asc&amp;current_url=%2Fnewsite%2Fwp-json%2Fwp%2Fv2%2Fposts%2F14342\"         id=\"bwg_thumbnails_0\"         class=\"bwg-container-0 bwg-thumbnails bwg-standard-thumbnails bwg-container bwg-border-box\">            <div class=\"bwg-item\">        <a class=\"bwg-a  bwg_lightbox\"  data-image-id=\"1077\" href=\"https:\/\/frequence-sille.org\/newsite\/wp-content\/uploads\/photo-gallery\/Franck-Verger-CREPS.jpg?bwg=1734077488\" data-elementor-open-lightbox=\"no\">                <div class=\"bwg-item0 \">          <div class=\"bwg-item1 \">            <div class=\"bwg-item2\">              <img decoding=\"async\" class=\"skip-lazy bwg_standart_thumb_img_0 \"                   data-id=\"1077\"                   data-width=\"300.00\"                   data-height=\"225.00\"                   data-src=\"https:\/\/frequence-sille.org\/newsite\/wp-content\/uploads\/photo-gallery\/thumb\/Franck-Verger-CREPS.jpg?bwg=1734077488\"                   src=\"https:\/\/frequence-sille.org\/newsite\/wp-content\/uploads\/photo-gallery\/thumb\/Franck-Verger-CREPS.jpg?bwg=1734077488\"                   alt=\"Franck-Verger-CREPS\"                   title=\"Franck-Verger-CREPS\" \/>            <\/div>            <div class=\"\">                                                      <\/div>          <\/div>        <\/div>                        <\/a>              <\/div>            <div class=\"bwg-item\">        <a class=\"bwg-a  bwg_lightbox\"  data-image-id=\"1078\" href=\"https:\/\/frequence-sille.org\/newsite\/wp-content\/uploads\/photo-gallery\/Frederique-Audrey-Crechndo.jpg?bwg=1734077488\" data-elementor-open-lightbox=\"no\">                <div class=\"bwg-item0 \">          <div class=\"bwg-item1 \">            <div class=\"bwg-item2\">              <img decoding=\"async\" class=\"skip-lazy bwg_standart_thumb_img_0 \"                   data-id=\"1078\"                   data-width=\"300.00\"                   data-height=\"225.00\"                   data-src=\"https:\/\/frequence-sille.org\/newsite\/wp-content\/uploads\/photo-gallery\/thumb\/Frederique-Audrey-Crechndo.jpg?bwg=1734077488\"                   src=\"https:\/\/frequence-sille.org\/newsite\/wp-content\/uploads\/photo-gallery\/thumb\/Frederique-Audrey-Crechndo.jpg?bwg=1734077488\"                   alt=\"Frederique-Audrey-Crechndo\"                   title=\"Frederique-Audrey-Crechndo\" \/>            <\/div>            <div class=\"\">                                                      <\/div>          <\/div>        <\/div>                        <\/a>              <\/div>            <div class=\"bwg-item\">        <a class=\"bwg-a  bwg_lightbox\"  data-image-id=\"1079\" href=\"https:\/\/frequence-sille.org\/newsite\/wp-content\/uploads\/photo-gallery\/Adeline-Hubert-et-Charline-Maucourt-PHGNS.jpg?bwg=1734077488\" data-elementor-open-lightbox=\"no\">                <div class=\"bwg-item0 \">          <div class=\"bwg-item1 \">            <div class=\"bwg-item2\">              <img decoding=\"async\" class=\"skip-lazy bwg_standart_thumb_img_0 \"                   data-id=\"1079\"                   data-width=\"300.00\"                   data-height=\"225.00\"                   data-src=\"https:\/\/frequence-sille.org\/newsite\/wp-content\/uploads\/photo-gallery\/thumb\/Adeline-Hubert-et-Charline-Maucourt-PHGNS.jpg?bwg=1734077488\"                   src=\"https:\/\/frequence-sille.org\/newsite\/wp-content\/uploads\/photo-gallery\/thumb\/Adeline-Hubert-et-Charline-Maucourt-PHGNS.jpg?bwg=1734077488\"                   alt=\"Adeline-Hubert-et-Charline-Maucourt-PHGNS\"                   title=\"Adeline-Hubert-et-Charline-Maucourt-PHGNS\" \/>            <\/div>            <div class=\"\">                                                      <\/div>          <\/div>        <\/div>                        <\/a>              <\/div>            <div class=\"bwg-item\">        <a class=\"bwg-a  bwg_lightbox\"  data-image-id=\"1080\" href=\"https:\/\/frequence-sille.org\/newsite\/wp-content\/uploads\/photo-gallery\/Armelle-Guilloux-Batiment-CFA-alencon.jpg?bwg=1734077488\" data-elementor-open-lightbox=\"no\">                <div class=\"bwg-item0 \">          <div class=\"bwg-item1 \">            <div class=\"bwg-item2\">              <img decoding=\"async\" class=\"skip-lazy bwg_standart_thumb_img_0 \"                   data-id=\"1080\"                   data-width=\"300.00\"                   data-height=\"225.00\"                   data-src=\"https:\/\/frequence-sille.org\/newsite\/wp-content\/uploads\/photo-gallery\/thumb\/Armelle-Guilloux-Batiment-CFA-alencon.jpg?bwg=1734077488\"                   src=\"https:\/\/frequence-sille.org\/newsite\/wp-content\/uploads\/photo-gallery\/thumb\/Armelle-Guilloux-Batiment-CFA-alencon.jpg?bwg=1734077488\"                   alt=\"Armelle-Guilloux-Batiment-CFA-alencon\"                   title=\"Armelle-Guilloux-Batiment-CFA-alencon\" \/>            <\/div>            <div class=\"\">                                                      <\/div>          <\/div>        <\/div>                        <\/a>              <\/div>            <div class=\"bwg-item\">        <a class=\"bwg-a  bwg_lightbox\"  data-image-id=\"1081\" href=\"https:\/\/frequence-sille.org\/newsite\/wp-content\/uploads\/photo-gallery\/Christophe-Cherre-ECODE.jpg?bwg=1734077488\" data-elementor-open-lightbox=\"no\">                <div class=\"bwg-item0 \">          <div class=\"bwg-item1 \">            <div class=\"bwg-item2\">              <img decoding=\"async\" class=\"skip-lazy bwg_standart_thumb_img_0 \"                   data-id=\"1081\"                   data-width=\"300.00\"                   data-height=\"225.00\"                   data-src=\"https:\/\/frequence-sille.org\/newsite\/wp-content\/uploads\/photo-gallery\/thumb\/Christophe-Cherre-ECODE.jpg?bwg=1734077488\"                   src=\"https:\/\/frequence-sille.org\/newsite\/wp-content\/uploads\/photo-gallery\/thumb\/Christophe-Cherre-ECODE.jpg?bwg=1734077488\"                   alt=\"Christophe-Cherre-ECODE\"                   title=\"Christophe-Cherre-ECODE\" \/>            <\/div>            <div class=\"\">                                                      <\/div>          <\/div>        <\/div>                        <\/a>              <\/div>            <div class=\"bwg-item\">        <a class=\"bwg-a  bwg_lightbox\"  data-image-id=\"1082\" href=\"https:\/\/frequence-sille.org\/newsite\/wp-content\/uploads\/photo-gallery\/Meia-et-Aurea-Societe-AFTRAL.jpg?bwg=1734077488\" data-elementor-open-lightbox=\"no\">                <div class=\"bwg-item0 \">          <div class=\"bwg-item1 \">            <div class=\"bwg-item2\">              <img decoding=\"async\" class=\"skip-lazy bwg_standart_thumb_img_0 \"                   data-id=\"1082\"                   data-width=\"300.00\"                   data-height=\"225.00\"                   data-src=\"https:\/\/frequence-sille.org\/newsite\/wp-content\/uploads\/photo-gallery\/thumb\/Meia-et-Aurea-Societe-AFTRAL.jpg?bwg=1734077488\"                   src=\"https:\/\/frequence-sille.org\/newsite\/wp-content\/uploads\/photo-gallery\/thumb\/Meia-et-Aurea-Societe-AFTRAL.jpg?bwg=1734077488\"                   alt=\"Meia-et-Aurea-Societe-AFTRAL\"                   title=\"Meia-et-Aurea-Societe-AFTRAL\" \/>            <\/div>            <div class=\"\">                                                      <\/div>          <\/div>        <\/div>                        <\/a>              <\/div>            <div class=\"bwg-item\">        <a class=\"bwg-a  bwg_lightbox\"  data-image-id=\"1083\" href=\"https:\/\/frequence-sille.org\/newsite\/wp-content\/uploads\/photo-gallery\/Joeffrey-Gaborieau-Gendarmerie-Bonnetable.jpg?bwg=1734077488\" data-elementor-open-lightbox=\"no\">                <div class=\"bwg-item0 \">          <div class=\"bwg-item1 \">            <div class=\"bwg-item2\">              <img decoding=\"async\" class=\"skip-lazy bwg_standart_thumb_img_0 \"                   data-id=\"1083\"                   data-width=\"300.00\"                   data-height=\"225.00\"                   data-src=\"https:\/\/frequence-sille.org\/newsite\/wp-content\/uploads\/photo-gallery\/thumb\/Joeffrey-Gaborieau-Gendarmerie-Bonnetable.jpg?bwg=1734077488\"                   src=\"https:\/\/frequence-sille.org\/newsite\/wp-content\/uploads\/photo-gallery\/thumb\/Joeffrey-Gaborieau-Gendarmerie-Bonnetable.jpg?bwg=1734077488\"                   alt=\"Joeffrey-Gaborieau-Gendarmerie-Bonnetable\"                   title=\"Joeffrey-Gaborieau-Gendarmerie-Bonnetable\" \/>            <\/div>            <div class=\"\">                                                      <\/div>          <\/div>        <\/div>                        <\/a>              <\/div>            <div class=\"bwg-item\">        <a class=\"bwg-a  bwg_lightbox\"  data-image-id=\"1084\" href=\"https:\/\/frequence-sille.org\/newsite\/wp-content\/uploads\/photo-gallery\/James-Tribotte-Centre-social-George-Rouault.jpg?bwg=1734077488\" data-elementor-open-lightbox=\"no\">                <div class=\"bwg-item0 \">          <div class=\"bwg-item1 \">            <div class=\"bwg-item2\">              <img decoding=\"async\" class=\"skip-lazy bwg_standart_thumb_img_0 \"                   data-id=\"1084\"                   data-width=\"300.00\"                   data-height=\"225.00\"                   data-src=\"https:\/\/frequence-sille.org\/newsite\/wp-content\/uploads\/photo-gallery\/thumb\/James-Tribotte-Centre-social-George-Rouault.jpg?bwg=1734077488\"                   src=\"https:\/\/frequence-sille.org\/newsite\/wp-content\/uploads\/photo-gallery\/thumb\/James-Tribotte-Centre-social-George-Rouault.jpg?bwg=1734077488\"                   alt=\"James-Tribotte-Centre-social-George-Rouault\"                   title=\"James-Tribotte-Centre-social-George-Rouault\" \/>            <\/div>            <div class=\"\">                                                      <\/div>          <\/div>        <\/div>                        <\/a>              <\/div>            <div class=\"bwg-item\">        <a class=\"bwg-a  bwg_lightbox\"  data-image-id=\"1085\" href=\"https:\/\/frequence-sille.org\/newsite\/wp-content\/uploads\/photo-gallery\/Marie-Vannier-MFR-de-bernay-en-champagne.jpg?bwg=1734077488\" data-elementor-open-lightbox=\"no\">                <div class=\"bwg-item0 \">          <div class=\"bwg-item1 \">            <div class=\"bwg-item2\">              <img decoding=\"async\" class=\"skip-lazy bwg_standart_thumb_img_0 \"                   data-id=\"1085\"                   data-width=\"300.00\"                   data-height=\"225.00\"                   data-src=\"https:\/\/frequence-sille.org\/newsite\/wp-content\/uploads\/photo-gallery\/thumb\/Marie-Vannier-MFR-de-bernay-en-champagne.jpg?bwg=1734077488\"                   src=\"https:\/\/frequence-sille.org\/newsite\/wp-content\/uploads\/photo-gallery\/thumb\/Marie-Vannier-MFR-de-bernay-en-champagne.jpg?bwg=1734077488\"                   alt=\"Marie-Vannier-MFR-de-bernay-en-champagne\"                   title=\"Marie-Vannier-MFR-de-bernay-en-champagne\" \/>            <\/div>            <div class=\"\">                                                      <\/div>          <\/div>        <\/div>                        <\/a>              <\/div>            <div class=\"bwg-item\">        <a class=\"bwg-a  bwg_lightbox\"  data-image-id=\"1086\" href=\"https:\/\/frequence-sille.org\/newsite\/wp-content\/uploads\/photo-gallery\/Laly-et-Nohlan-MFR-de-fye.jpg?bwg=1734077488\" data-elementor-open-lightbox=\"no\">                <div class=\"bwg-item0 \">          <div class=\"bwg-item1 \">            <div class=\"bwg-item2\">              <img decoding=\"async\" class=\"skip-lazy bwg_standart_thumb_img_0 \"                   data-id=\"1086\"                   data-width=\"300.00\"                   data-height=\"225.00\"                   data-src=\"https:\/\/frequence-sille.org\/newsite\/wp-content\/uploads\/photo-gallery\/thumb\/Laly-et-Nohlan-MFR-de-fye.jpg?bwg=1734077488\"                   src=\"https:\/\/frequence-sille.org\/newsite\/wp-content\/uploads\/photo-gallery\/thumb\/Laly-et-Nohlan-MFR-de-fye.jpg?bwg=1734077488\"                   alt=\"Laly-et-Nohlan-MFR-de-fye\"                   title=\"Laly-et-Nohlan-MFR-de-fye\" \/>            <\/div>            <div class=\"\">                                                      <\/div>          <\/div>        <\/div>                        <\/a>              <\/div>            <div class=\"bwg-item\">        <a class=\"bwg-a  bwg_lightbox\"  data-image-id=\"1087\" href=\"https:\/\/frequence-sille.org\/newsite\/wp-content\/uploads\/photo-gallery\/Zack-et-Gabriel-eleves-de-3eme-au-college-St-coeur-de-Marie.jpg?bwg=1734077488\" data-elementor-open-lightbox=\"no\">                <div class=\"bwg-item0 \">          <div class=\"bwg-item1 \">            <div class=\"bwg-item2\">              <img decoding=\"async\" class=\"skip-lazy bwg_standart_thumb_img_0 \"                   data-id=\"1087\"                   data-width=\"300.00\"                   data-height=\"225.00\"                   data-src=\"https:\/\/frequence-sille.org\/newsite\/wp-content\/uploads\/photo-gallery\/thumb\/Zack-et-Gabriel-eleves-de-3eme-au-college-St-coeur-de-Marie.jpg?bwg=1734077488\"                   src=\"https:\/\/frequence-sille.org\/newsite\/wp-content\/uploads\/photo-gallery\/thumb\/Zack-et-Gabriel-eleves-de-3eme-au-college-St-coeur-de-Marie.jpg?bwg=1734077488\"                   alt=\"Zack-et-Gabriel-eleves-de-3eme-au-college-St-coeur-de-Marie\"                   title=\"Zack-et-Gabriel-eleves-de-3eme-au-college-St-coeur-de-Marie\" \/>            <\/div>            <div class=\"\">                                                      <\/div>          <\/div>        <\/div>                        <\/a>              <\/div>            <div class=\"bwg-item\">        <a class=\"bwg-a  bwg_lightbox\"  data-image-id=\"1088\" href=\"https:\/\/frequence-sille.org\/newsite\/wp-content\/uploads\/photo-gallery\/Valeriane-Dacosta-LELY.jpg?bwg=1734077488\" data-elementor-open-lightbox=\"no\">                <div class=\"bwg-item0 \">          <div class=\"bwg-item1 \">            <div class=\"bwg-item2\">              <img decoding=\"async\" class=\"skip-lazy bwg_standart_thumb_img_0 \"                   data-id=\"1088\"                   data-width=\"300.00\"                   data-height=\"225.00\"                   data-src=\"https:\/\/frequence-sille.org\/newsite\/wp-content\/uploads\/photo-gallery\/thumb\/Valeriane-Dacosta-LELY.jpg?bwg=1734077488\"                   src=\"https:\/\/frequence-sille.org\/newsite\/wp-content\/uploads\/photo-gallery\/thumb\/Valeriane-Dacosta-LELY.jpg?bwg=1734077488\"                   alt=\"Valeriane-Dacosta-LELY\"                   title=\"Valeriane-Dacosta-LELY\" \/>            <\/div>            <div class=\"\">                                                      <\/div>          <\/div>        <\/div>                        <\/a>              <\/div>            <div class=\"bwg-item\">        <a class=\"bwg-a  bwg_lightbox\"  data-image-id=\"1089\" href=\"https:\/\/frequence-sille.org\/newsite\/wp-content\/uploads\/photo-gallery\/Nadia-Mille-MFR-CFA-la-Gautellerie-Torrigne-sur-Due.jpg?bwg=1734077488\" data-elementor-open-lightbox=\"no\">                <div class=\"bwg-item0 \">          <div class=\"bwg-item1 \">            <div class=\"bwg-item2\">              <img decoding=\"async\" class=\"skip-lazy bwg_standart_thumb_img_0 \"                   data-id=\"1089\"                   data-width=\"300.00\"                   data-height=\"225.00\"                   data-src=\"https:\/\/frequence-sille.org\/newsite\/wp-content\/uploads\/photo-gallery\/thumb\/Nadia-Mille-MFR-CFA-la-Gautellerie-Torrigne-sur-Due.jpg?bwg=1734077488\"                   src=\"https:\/\/frequence-sille.org\/newsite\/wp-content\/uploads\/photo-gallery\/thumb\/Nadia-Mille-MFR-CFA-la-Gautellerie-Torrigne-sur-Due.jpg?bwg=1734077488\"                   alt=\"Nadia-Mille-MFR-CFA-la-Gautellerie-Torrigne-sur-Due\"                   title=\"Nadia-Mille-MFR-CFA-la-Gautellerie-Torrigne-sur-Due\" \/>            <\/div>            <div class=\"\">                                                      <\/div>          <\/div>        <\/div>                        <\/a>              <\/div>            <div class=\"bwg-item\">        <a class=\"bwg-a  bwg_lightbox\"  data-image-id=\"1090\" href=\"https:\/\/frequence-sille.org\/newsite\/wp-content\/uploads\/photo-gallery\/Ryan-Bariller-Relais-petite-enfance-bonnetable-RPE.jpg?bwg=1734077488\" data-elementor-open-lightbox=\"no\">                <div class=\"bwg-item0 \">          <div class=\"bwg-item1 \">            <div class=\"bwg-item2\">              <img decoding=\"async\" class=\"skip-lazy bwg_standart_thumb_img_0 \"                   data-id=\"1090\"                   data-width=\"300.00\"                   data-height=\"225.00\"                   data-src=\"https:\/\/frequence-sille.org\/newsite\/wp-content\/uploads\/photo-gallery\/thumb\/Ryan-Bariller-Relais-petite-enfance-bonnetable-RPE.jpg?bwg=1734077488\"                   src=\"https:\/\/frequence-sille.org\/newsite\/wp-content\/uploads\/photo-gallery\/thumb\/Ryan-Bariller-Relais-petite-enfance-bonnetable-RPE.jpg?bwg=1734077488\"                   alt=\"Ryan-Bariller-Relais-petite-enfance-bonnetable-RPE\"                   title=\"Ryan-Bariller-Relais-petite-enfance-bonnetable-RPE\" \/>            <\/div>            <div class=\"\">                                                      <\/div>          <\/div>        <\/div>                        <\/a>              <\/div>          <\/div>    <style>      \/*pagination styles*\/      #bwg_container1_0 #bwg_container2_0 .tablenav-pages_0 {\t\t\t\ttext-align: center;\t\t\t\tfont-size: 12px;\t\t\t\tfont-family: segoe ui;\t\t\t\tfont-weight: bold;\t\t\t\tcolor: #666666;\t\t\t\tmargin: 6px 0 4px;\t\t\t\tdisplay: block;      }      @media only screen and (max-width : 320px) {      #bwg_container1_0 #bwg_container2_0 .displaying-num_0 {     \t display: none;      }      }      #bwg_container1_0 #bwg_container2_0 .displaying-num_0 {\t\t\t\tfont-size: 12px;\t\t\t\tfont-family: segoe ui;\t\t\t\tfont-weight: bold;\t\t\t\tcolor: #666666;\t\t\t\tmargin-right: 10px;\t\t\t\tvertical-align: middle;      }      #bwg_container1_0 #bwg_container2_0 .paging-input_0 {\t\t\t\tfont-size: 12px;\t\t\t\tfont-family: segoe ui;\t\t\t\tfont-weight: bold;\t\t\t\tcolor: #666666;\t\t\t\tvertical-align: middle;      }      #bwg_container1_0 #bwg_container2_0 .tablenav-pages_0 a.disabled,      #bwg_container1_0 #bwg_container2_0 .tablenav-pages_0 a.disabled:hover,      #bwg_container1_0 #bwg_container2_0 .tablenav-pages_0 a.disabled:focus,\t\t\t#bwg_container1_0 #bwg_container2_0 .tablenav-pages_0 input.bwg_current_page {\t\t\t\tcursor: default;\t\t\t\tcolor: rgba(102, 102, 102, 0.5);      }      #bwg_container1_0 #bwg_container2_0 .tablenav-pages_0 a,      #bwg_container1_0 #bwg_container2_0 .tablenav-pages_0 input.bwg_current_page {\t\t\t\tcursor: pointer;\t\t\t\ttext-align: center;\t\t\t\tfont-size: 12px;\t\t\t\tfont-family: segoe ui;\t\t\t\tfont-weight: bold;\t\t\t\tcolor: #666666;\t\t\t\ttext-decoration: none;\t\t\t\tpadding: 3px 6px;\t\t\t\tmargin: 0;\t\t\t\tborder-radius: 0;\t\t\t\tborder-style: solid;\t\t\t\tborder-width: 1px;\t\t\t\tborder-color: #E3E3E3;\t\t\t\t\t\t\t\tbackground-color: rgba(255, 255, 255, 1.00);\t\t\t\tbox-shadow: 0;\t\t\t\ttransition: all 0.3s ease 0s;-webkit-transition: all 0.3s ease 0s;      }      <\/style>      <span class=\"bwg_nav_cont_0\">              <div class=\"tablenav-pages_0\">                  <\/div>                <input type=\"hidden\" id=\"page_number_0\" name=\"page_number_0\" value=\"1\" \/>      <script type=\"text\/javascript\">        if( jQuery('.bwg_nav_cont_0').length > 1 ) {          jQuery('.bwg_nav_cont_0').first().remove()        }        function spider_page_0(cur, x, y, load_more) {          if (typeof load_more == \"undefined\") {            var load_more = false;          }          if (jQuery(cur).hasClass('disabled')) {            return false;          }          var items_county_0 = 1;          switch (y) {            case 1:              if (x >= items_county_0) {                document.getElementById('page_number_0').value = items_county_0;              }              else {                document.getElementById('page_number_0').value = x + 1;              }              break;            case 2:              document.getElementById('page_number_0').value = items_county_0;              break;            case -1:              if (x == 1) {                document.getElementById('page_number_0').value = 1;              }              else {                document.getElementById('page_number_0').value = x - 1;              }              break;            case -2:              document.getElementById('page_number_0').value = 1;              break;\t\t\t\t\t\tcase 0:              document.getElementById('page_number_0').value = x;              break;            default:              document.getElementById('page_number_0').value = 1;          }          bwg_ajax('gal_front_form_0', '0', 'bwg_thumbnails_0', '0', '', 'gallery', 0, '', '', load_more, '', 1);        }                    jQuery('.first-page-0').on('click', function () {              spider_page_0(this, 1, -2, 'numeric');              return false;            });            jQuery('.prev-page-0').on('click', function () {              spider_page_0(this, 1, -1, 'numeric');              return false;            });            jQuery('.next-page-0').on('click', function () {              spider_page_0(this, 1, 1, 'numeric');              return false;            });            jQuery('.last-page-0').on('click', function () {              spider_page_0(this, 1, 2, 'numeric');              return false;            });        \t\t\t\t\/* Change page on input enter. *\/        function bwg_change_page_0( e, that ) {          if (  e.key == 'Enter' ) {            var to_page = parseInt(jQuery(that).val());            var pages_count = jQuery(that).parents(\".pagination-links\").data(\"pages-count\");            var current_url_param = jQuery(that).attr('data-url-info');            if (to_page > pages_count) {              to_page = 1;            }\t \t\t\t\t\t\t\t\t\t\t\t\tspider_page_0(this, to_page, 0, 'numeric');\t\t\t\t\t\t\treturn false;\t\t\t\t\t\t          }          return true;        }        jQuery('.bwg_load_btn_0').on('click', function () {            spider_page_0(this, 1, 1, true);            return false;        });      <\/script>      <\/span>                <\/div>        <\/form>        <style>          #bwg_container1_0 #bwg_container2_0 #spider_popup_overlay_0 {          background-color: #000000;          opacity: 0.70;          }          <\/style>        <div id=\"bwg_spider_popup_loading_0\" class=\"bwg_spider_popup_loading\"><\/div>        <div id=\"spider_popup_overlay_0\" class=\"spider_popup_overlay\" onclick=\"spider_destroypopup(1000)\"><\/div>        <input type=\"hidden\" id=\"bwg_random_seed_0\" value=\"219656852\">                <\/div>    <\/div>    <script>      if (document.readyState === 'complete') {        if( typeof bwg_main_ready == 'function' ) {          if ( jQuery(\"#bwg_container1_0\").height() ) {            bwg_main_ready(jQuery(\"#bwg_container1_0\"));          }        }      } else {        document.addEventListener('DOMContentLoaded', function() {          if( typeof bwg_main_ready == 'function' ) {            if ( jQuery(\"#bwg_container1_0\").height() ) {             bwg_main_ready(jQuery(\"#bwg_container1_0\"));            }          }        });      }    <\/script>    \n\n\n\n<ul class=\"wp-block-list\">\n<li>Me\u00efa et Aur\u00e9a &#8211; Conseillere formations pour les entreprises &amp; charg\u00e9e de recrutement &#8211; Soci\u00e9t\u00e9 AFTRAL<\/li>\n\n\n\n<li>Armelle Guilloux &#8211; Conseill\u00e8re jeune et entreprise &#8211; Batiment CFA alen\u00e7on<\/li>\n\n\n\n<li>Marie Vannier &#8211; Directrice maison familiale MFR de bernay en champagne<\/li>\n\n\n\n<li>Aur\u00e9lie Lecossier &#8211; Directrice Salon de toilettage Lilypets<\/li>\n\n\n\n<li>Val\u00e9riane Dacosta &#8211; charg\u00e9e de recrutement en entreprise &#8211; LELY materiel robotis\u00e9 en \u00e9levage laitier<\/li>\n\n\n\n<li>Christophe Cherr\u00e9 &#8211; Charg\u00e9 de formation entreprise \u00e0 ECODE Ecole de commerce de la CCI Sarthe<\/li>\n\n\n\n<li>Joeffrey Gaborieau &#8211; R\u00e9f\u00e9rent recrutement Gendarmerie Bonn\u00e9table<\/li>\n\n\n\n<li>Nadia Mille &#8211; Directrice MFR CFA la Gautellerie Torrign\u00e9 sur Du\u00e9 &#8211; Maroquinerie<\/li>\n\n\n\n<li>Adeline Hubert et Charline Maucourt &#8211; PHGNS responsable RH en charge du recrutement et responsable relation \u00e9cole stagiaire<\/li>\n\n\n\n<li>James tribott\u00e9 &#8211; Directeur Centre social George Rouault<\/li>\n\n\n\n<li>Fr\u00e9d\u00e9rique &amp; Audrey &#8211; Directrice &amp; infirmi\u00e8re puericultrice &#8211; Crech&rsquo;n&rsquo;do<\/li>\n\n\n\n<li>Ryan Bariller &#8211; Animateur de Relai petite enfance bonn\u00e9table RPE<\/li>\n\n\n\n<li>Zack et Gabriel &#8211; El\u00e8ves de 3\u00e8me au coll\u00e8ge St coeur de Marie \u00e0 Sill\u00e9 le Guillaume<\/li>\n\n\n\n<li>Franck Verger &#8211; Responsable des formations au CREPS<\/li>\n\n\n\n<li>Laly et Nohlan &#8211; El\u00e8ves \u00e0 la MFR de Fy\u00e9<\/li>\n<\/ul>\n","protected":false},"excerpt":{"rendered":"<p>Retrouvez toutes les informations et toutes les interviews des exposants pr\u00e9sents lors du forum des m\u00e9tiers \u00e0 l&rsquo;espace Saugonna \u00e0 Mamers qui a eu lieu le jeudi 28 novembre 2024.<\/p>\n","protected":false},"author":1,"featured_media":14357,"comment_status":"closed","ping_status":"open","sticky":false,"template":"","format":"standard","meta":{"footnotes":""},"categories":[15,11],"tags":[],"class_list":["post-14342","post","type-post","status-publish","format-standard","has-post-thumbnail","hentry","category-culture","category-evenements"],"yoast_head":"<!-- This site is optimized with the Yoast SEO plugin v27.4 - https:\/\/yoast.com\/product\/yoast-seo-wordpress\/ -->\n<title>Forum des m\u00e9tiers 2024 \u00e0 Mamers - Fr\u00e9quence Sill\u00e9<\/title>\n<meta name=\"robots\" content=\"index, follow, max-snippet:-1, max-image-preview:large, max-video-preview:-1\" \/>\n<link rel=\"canonical\" href=\"https:\/\/frequence-sille.org\/newsite\/2024\/12\/05\/forum-des-metiers-a-mamers-2024\/\" \/>\n<meta property=\"og:locale\" content=\"fr_FR\" \/>\n<meta property=\"og:type\" content=\"article\" \/>\n<meta property=\"og:title\" content=\"Forum des m\u00e9tiers 2024 \u00e0 Mamers - Fr\u00e9quence Sill\u00e9\" \/>\n<meta property=\"og:description\" content=\"Retrouvez toutes les informations et toutes les interviews des exposants pr\u00e9sents lors du forum des m\u00e9tiers \u00e0 l&rsquo;espace Saugonna \u00e0 Mamers qui a eu lieu le jeudi 28 novembre 2024.\" \/>\n<meta property=\"og:url\" content=\"https:\/\/frequence-sille.org\/newsite\/2024\/12\/05\/forum-des-metiers-a-mamers-2024\/\" \/>\n<meta property=\"og:site_name\" content=\"Fr\u00e9quence Sill\u00e9\" \/>\n<meta property=\"article:publisher\" content=\"https:\/\/www.facebook.com\/frequencesille979fm\" \/>\n<meta property=\"article:published_time\" content=\"2024-12-05T12:26:23+00:00\" \/>\n<meta property=\"article:modified_time\" content=\"2025-09-16T11:47:19+00:00\" \/>\n<meta property=\"og:image\" content=\"https:\/\/frequence-sille.org\/newsite\/wp-content\/uploads\/2024\/12\/Forum-des-metiers-a-Mamers-848x1200-1.jpg\" \/>\n\t<meta property=\"og:image:width\" content=\"848\" \/>\n\t<meta property=\"og:image:height\" content=\"1200\" \/>\n\t<meta property=\"og:image:type\" content=\"image\/jpeg\" \/>\n<meta name=\"author\" content=\"Fr\u00e9quence Sill\u00e9\" \/>\n<meta name=\"twitter:card\" content=\"summary_large_image\" \/>\n<meta name=\"twitter:creator\" content=\"@freqsille979\" \/>\n<meta name=\"twitter:site\" content=\"@freqsille979\" \/>\n<meta name=\"twitter:label1\" content=\"\u00c9crit par\" \/>\n\t<meta name=\"twitter:data1\" content=\"Fr\u00e9quence Sill\u00e9\" \/>\n\t<meta name=\"twitter:label2\" content=\"Dur\u00e9e de lecture estim\u00e9e\" \/>\n\t<meta name=\"twitter:data2\" content=\"2 minutes\" \/>\n<script type=\"application\/ld+json\" class=\"yoast-schema-graph\">{\"@context\":\"https:\\\/\\\/schema.org\",\"@graph\":[{\"@type\":\"Article\",\"@id\":\"https:\\\/\\\/frequence-sille.org\\\/newsite\\\/2024\\\/12\\\/05\\\/forum-des-metiers-a-mamers-2024\\\/#article\",\"isPartOf\":{\"@id\":\"https:\\\/\\\/frequence-sille.org\\\/newsite\\\/2024\\\/12\\\/05\\\/forum-des-metiers-a-mamers-2024\\\/\"},\"author\":{\"name\":\"Fr\u00e9quence Sill\u00e9\",\"@id\":\"https:\\\/\\\/frequence-sille.org\\\/newsite\\\/#\\\/schema\\\/person\\\/b2ef2baba58f9c81a066ca894f156fc5\"},\"headline\":\"Forum des m\u00e9tiers 2024 \u00e0 Mamers\",\"datePublished\":\"2024-12-05T12:26:23+00:00\",\"dateModified\":\"2025-09-16T11:47:19+00:00\",\"mainEntityOfPage\":{\"@id\":\"https:\\\/\\\/frequence-sille.org\\\/newsite\\\/2024\\\/12\\\/05\\\/forum-des-metiers-a-mamers-2024\\\/\"},\"wordCount\":237,\"publisher\":{\"@id\":\"https:\\\/\\\/frequence-sille.org\\\/newsite\\\/#organization\"},\"image\":{\"@id\":\"https:\\\/\\\/frequence-sille.org\\\/newsite\\\/2024\\\/12\\\/05\\\/forum-des-metiers-a-mamers-2024\\\/#primaryimage\"},\"thumbnailUrl\":\"https:\\\/\\\/frequence-sille.org\\\/newsite\\\/wp-content\\\/uploads\\\/2024\\\/12\\\/Forum-des-metiers-a-Mamers-848x1200-1.jpg\",\"articleSection\":[\"Culture\",\"Ev\u00e9nements\"],\"inLanguage\":\"fr-FR\"},{\"@type\":\"WebPage\",\"@id\":\"https:\\\/\\\/frequence-sille.org\\\/newsite\\\/2024\\\/12\\\/05\\\/forum-des-metiers-a-mamers-2024\\\/\",\"url\":\"https:\\\/\\\/frequence-sille.org\\\/newsite\\\/2024\\\/12\\\/05\\\/forum-des-metiers-a-mamers-2024\\\/\",\"name\":\"Forum des m\u00e9tiers 2024 \u00e0 Mamers - Fr\u00e9quence Sill\u00e9\",\"isPartOf\":{\"@id\":\"https:\\\/\\\/frequence-sille.org\\\/newsite\\\/#website\"},\"primaryImageOfPage\":{\"@id\":\"https:\\\/\\\/frequence-sille.org\\\/newsite\\\/2024\\\/12\\\/05\\\/forum-des-metiers-a-mamers-2024\\\/#primaryimage\"},\"image\":{\"@id\":\"https:\\\/\\\/frequence-sille.org\\\/newsite\\\/2024\\\/12\\\/05\\\/forum-des-metiers-a-mamers-2024\\\/#primaryimage\"},\"thumbnailUrl\":\"https:\\\/\\\/frequence-sille.org\\\/newsite\\\/wp-content\\\/uploads\\\/2024\\\/12\\\/Forum-des-metiers-a-Mamers-848x1200-1.jpg\",\"datePublished\":\"2024-12-05T12:26:23+00:00\",\"dateModified\":\"2025-09-16T11:47:19+00:00\",\"breadcrumb\":{\"@id\":\"https:\\\/\\\/frequence-sille.org\\\/newsite\\\/2024\\\/12\\\/05\\\/forum-des-metiers-a-mamers-2024\\\/#breadcrumb\"},\"inLanguage\":\"fr-FR\",\"potentialAction\":[{\"@type\":\"ReadAction\",\"target\":[\"https:\\\/\\\/frequence-sille.org\\\/newsite\\\/2024\\\/12\\\/05\\\/forum-des-metiers-a-mamers-2024\\\/\"]}]},{\"@type\":\"ImageObject\",\"inLanguage\":\"fr-FR\",\"@id\":\"https:\\\/\\\/frequence-sille.org\\\/newsite\\\/2024\\\/12\\\/05\\\/forum-des-metiers-a-mamers-2024\\\/#primaryimage\",\"url\":\"https:\\\/\\\/frequence-sille.org\\\/newsite\\\/wp-content\\\/uploads\\\/2024\\\/12\\\/Forum-des-metiers-a-Mamers-848x1200-1.jpg\",\"contentUrl\":\"https:\\\/\\\/frequence-sille.org\\\/newsite\\\/wp-content\\\/uploads\\\/2024\\\/12\\\/Forum-des-metiers-a-Mamers-848x1200-1.jpg\",\"width\":848,\"height\":1200},{\"@type\":\"BreadcrumbList\",\"@id\":\"https:\\\/\\\/frequence-sille.org\\\/newsite\\\/2024\\\/12\\\/05\\\/forum-des-metiers-a-mamers-2024\\\/#breadcrumb\",\"itemListElement\":[{\"@type\":\"ListItem\",\"position\":1,\"name\":\"Accueil\",\"item\":\"https:\\\/\\\/frequence-sille.org\\\/newsite\\\/\"},{\"@type\":\"ListItem\",\"position\":2,\"name\":\"Forum des m\u00e9tiers 2024 \u00e0 Mamers\"}]},{\"@type\":\"WebSite\",\"@id\":\"https:\\\/\\\/frequence-sille.org\\\/newsite\\\/#website\",\"url\":\"https:\\\/\\\/frequence-sille.org\\\/newsite\\\/\",\"name\":\"Fr\u00e9quence Sill\u00e9\",\"description\":\"Bien plus qu&#039;une radio...votre radio !\",\"publisher\":{\"@id\":\"https:\\\/\\\/frequence-sille.org\\\/newsite\\\/#organization\"},\"potentialAction\":[{\"@type\":\"SearchAction\",\"target\":{\"@type\":\"EntryPoint\",\"urlTemplate\":\"https:\\\/\\\/frequence-sille.org\\\/newsite\\\/?s={search_term_string}\"},\"query-input\":{\"@type\":\"PropertyValueSpecification\",\"valueRequired\":true,\"valueName\":\"search_term_string\"}}],\"inLanguage\":\"fr-FR\"},{\"@type\":\"Organization\",\"@id\":\"https:\\\/\\\/frequence-sille.org\\\/newsite\\\/#organization\",\"name\":\"Fr\u00e9quence Sill\u00e9\",\"url\":\"https:\\\/\\\/frequence-sille.org\\\/newsite\\\/\",\"logo\":{\"@type\":\"ImageObject\",\"inLanguage\":\"fr-FR\",\"@id\":\"https:\\\/\\\/frequence-sille.org\\\/newsite\\\/#\\\/schema\\\/logo\\\/image\\\/\",\"url\":\"https:\\\/\\\/frequence-sille.org\\\/newsite\\\/wp-content\\\/uploads\\\/2023\\\/07\\\/LOGO_979_NOIR.png\",\"contentUrl\":\"https:\\\/\\\/frequence-sille.org\\\/newsite\\\/wp-content\\\/uploads\\\/2023\\\/07\\\/LOGO_979_NOIR.png\",\"width\":7680,\"height\":4320,\"caption\":\"Fr\u00e9quence Sill\u00e9\"},\"image\":{\"@id\":\"https:\\\/\\\/frequence-sille.org\\\/newsite\\\/#\\\/schema\\\/logo\\\/image\\\/\"},\"sameAs\":[\"https:\\\/\\\/www.facebook.com\\\/frequencesille979fm\",\"https:\\\/\\\/x.com\\\/freqsille979\",\"https:\\\/\\\/www.instagram.com\\\/frequencesille\\\/\"]},{\"@type\":\"Person\",\"@id\":\"https:\\\/\\\/frequence-sille.org\\\/newsite\\\/#\\\/schema\\\/person\\\/b2ef2baba58f9c81a066ca894f156fc5\",\"name\":\"Fr\u00e9quence Sill\u00e9\",\"image\":{\"@type\":\"ImageObject\",\"inLanguage\":\"fr-FR\",\"@id\":\"https:\\\/\\\/secure.gravatar.com\\\/avatar\\\/8edea065a20d07d283ef9c5595da1859244093fbe2c620eb7cb86d4a5cbb52d6?s=96&d=mm&r=g\",\"url\":\"https:\\\/\\\/secure.gravatar.com\\\/avatar\\\/8edea065a20d07d283ef9c5595da1859244093fbe2c620eb7cb86d4a5cbb52d6?s=96&d=mm&r=g\",\"contentUrl\":\"https:\\\/\\\/secure.gravatar.com\\\/avatar\\\/8edea065a20d07d283ef9c5595da1859244093fbe2c620eb7cb86d4a5cbb52d6?s=96&d=mm&r=g\",\"caption\":\"Fr\u00e9quence Sill\u00e9\"},\"url\":\"https:\\\/\\\/frequence-sille.org\\\/newsite\\\/author\\\/frequenc\\\/\"}]}<\/script>\n<!-- \/ Yoast SEO plugin. -->","yoast_head_json":{"title":"Forum des m\u00e9tiers 2024 \u00e0 Mamers - Fr\u00e9quence Sill\u00e9","robots":{"index":"index","follow":"follow","max-snippet":"max-snippet:-1","max-image-preview":"max-image-preview:large","max-video-preview":"max-video-preview:-1"},"canonical":"https:\/\/frequence-sille.org\/newsite\/2024\/12\/05\/forum-des-metiers-a-mamers-2024\/","og_locale":"fr_FR","og_type":"article","og_title":"Forum des m\u00e9tiers 2024 \u00e0 Mamers - Fr\u00e9quence Sill\u00e9","og_description":"Retrouvez toutes les informations et toutes les interviews des exposants pr\u00e9sents lors du forum des m\u00e9tiers \u00e0 l&rsquo;espace Saugonna \u00e0 Mamers qui a eu lieu le jeudi 28 novembre 2024.","og_url":"https:\/\/frequence-sille.org\/newsite\/2024\/12\/05\/forum-des-metiers-a-mamers-2024\/","og_site_name":"Fr\u00e9quence Sill\u00e9","article_publisher":"https:\/\/www.facebook.com\/frequencesille979fm","article_published_time":"2024-12-05T12:26:23+00:00","article_modified_time":"2025-09-16T11:47:19+00:00","og_image":[{"width":848,"height":1200,"url":"https:\/\/frequence-sille.org\/newsite\/wp-content\/uploads\/2024\/12\/Forum-des-metiers-a-Mamers-848x1200-1.jpg","type":"image\/jpeg"}],"author":"Fr\u00e9quence Sill\u00e9","twitter_card":"summary_large_image","twitter_creator":"@freqsille979","twitter_site":"@freqsille979","twitter_misc":{"\u00c9crit par":"Fr\u00e9quence Sill\u00e9","Dur\u00e9e de lecture estim\u00e9e":"2 minutes"},"schema":{"@context":"https:\/\/schema.org","@graph":[{"@type":"Article","@id":"https:\/\/frequence-sille.org\/newsite\/2024\/12\/05\/forum-des-metiers-a-mamers-2024\/#article","isPartOf":{"@id":"https:\/\/frequence-sille.org\/newsite\/2024\/12\/05\/forum-des-metiers-a-mamers-2024\/"},"author":{"name":"Fr\u00e9quence Sill\u00e9","@id":"https:\/\/frequence-sille.org\/newsite\/#\/schema\/person\/b2ef2baba58f9c81a066ca894f156fc5"},"headline":"Forum des m\u00e9tiers 2024 \u00e0 Mamers","datePublished":"2024-12-05T12:26:23+00:00","dateModified":"2025-09-16T11:47:19+00:00","mainEntityOfPage":{"@id":"https:\/\/frequence-sille.org\/newsite\/2024\/12\/05\/forum-des-metiers-a-mamers-2024\/"},"wordCount":237,"publisher":{"@id":"https:\/\/frequence-sille.org\/newsite\/#organization"},"image":{"@id":"https:\/\/frequence-sille.org\/newsite\/2024\/12\/05\/forum-des-metiers-a-mamers-2024\/#primaryimage"},"thumbnailUrl":"https:\/\/frequence-sille.org\/newsite\/wp-content\/uploads\/2024\/12\/Forum-des-metiers-a-Mamers-848x1200-1.jpg","articleSection":["Culture","Ev\u00e9nements"],"inLanguage":"fr-FR"},{"@type":"WebPage","@id":"https:\/\/frequence-sille.org\/newsite\/2024\/12\/05\/forum-des-metiers-a-mamers-2024\/","url":"https:\/\/frequence-sille.org\/newsite\/2024\/12\/05\/forum-des-metiers-a-mamers-2024\/","name":"Forum des m\u00e9tiers 2024 \u00e0 Mamers - Fr\u00e9quence Sill\u00e9","isPartOf":{"@id":"https:\/\/frequence-sille.org\/newsite\/#website"},"primaryImageOfPage":{"@id":"https:\/\/frequence-sille.org\/newsite\/2024\/12\/05\/forum-des-metiers-a-mamers-2024\/#primaryimage"},"image":{"@id":"https:\/\/frequence-sille.org\/newsite\/2024\/12\/05\/forum-des-metiers-a-mamers-2024\/#primaryimage"},"thumbnailUrl":"https:\/\/frequence-sille.org\/newsite\/wp-content\/uploads\/2024\/12\/Forum-des-metiers-a-Mamers-848x1200-1.jpg","datePublished":"2024-12-05T12:26:23+00:00","dateModified":"2025-09-16T11:47:19+00:00","breadcrumb":{"@id":"https:\/\/frequence-sille.org\/newsite\/2024\/12\/05\/forum-des-metiers-a-mamers-2024\/#breadcrumb"},"inLanguage":"fr-FR","potentialAction":[{"@type":"ReadAction","target":["https:\/\/frequence-sille.org\/newsite\/2024\/12\/05\/forum-des-metiers-a-mamers-2024\/"]}]},{"@type":"ImageObject","inLanguage":"fr-FR","@id":"https:\/\/frequence-sille.org\/newsite\/2024\/12\/05\/forum-des-metiers-a-mamers-2024\/#primaryimage","url":"https:\/\/frequence-sille.org\/newsite\/wp-content\/uploads\/2024\/12\/Forum-des-metiers-a-Mamers-848x1200-1.jpg","contentUrl":"https:\/\/frequence-sille.org\/newsite\/wp-content\/uploads\/2024\/12\/Forum-des-metiers-a-Mamers-848x1200-1.jpg","width":848,"height":1200},{"@type":"BreadcrumbList","@id":"https:\/\/frequence-sille.org\/newsite\/2024\/12\/05\/forum-des-metiers-a-mamers-2024\/#breadcrumb","itemListElement":[{"@type":"ListItem","position":1,"name":"Accueil","item":"https:\/\/frequence-sille.org\/newsite\/"},{"@type":"ListItem","position":2,"name":"Forum des m\u00e9tiers 2024 \u00e0 Mamers"}]},{"@type":"WebSite","@id":"https:\/\/frequence-sille.org\/newsite\/#website","url":"https:\/\/frequence-sille.org\/newsite\/","name":"Fr\u00e9quence Sill\u00e9","description":"Bien plus qu&#039;une radio...votre radio !","publisher":{"@id":"https:\/\/frequence-sille.org\/newsite\/#organization"},"potentialAction":[{"@type":"SearchAction","target":{"@type":"EntryPoint","urlTemplate":"https:\/\/frequence-sille.org\/newsite\/?s={search_term_string}"},"query-input":{"@type":"PropertyValueSpecification","valueRequired":true,"valueName":"search_term_string"}}],"inLanguage":"fr-FR"},{"@type":"Organization","@id":"https:\/\/frequence-sille.org\/newsite\/#organization","name":"Fr\u00e9quence Sill\u00e9","url":"https:\/\/frequence-sille.org\/newsite\/","logo":{"@type":"ImageObject","inLanguage":"fr-FR","@id":"https:\/\/frequence-sille.org\/newsite\/#\/schema\/logo\/image\/","url":"https:\/\/frequence-sille.org\/newsite\/wp-content\/uploads\/2023\/07\/LOGO_979_NOIR.png","contentUrl":"https:\/\/frequence-sille.org\/newsite\/wp-content\/uploads\/2023\/07\/LOGO_979_NOIR.png","width":7680,"height":4320,"caption":"Fr\u00e9quence Sill\u00e9"},"image":{"@id":"https:\/\/frequence-sille.org\/newsite\/#\/schema\/logo\/image\/"},"sameAs":["https:\/\/www.facebook.com\/frequencesille979fm","https:\/\/x.com\/freqsille979","https:\/\/www.instagram.com\/frequencesille\/"]},{"@type":"Person","@id":"https:\/\/frequence-sille.org\/newsite\/#\/schema\/person\/b2ef2baba58f9c81a066ca894f156fc5","name":"Fr\u00e9quence Sill\u00e9","image":{"@type":"ImageObject","inLanguage":"fr-FR","@id":"https:\/\/secure.gravatar.com\/avatar\/8edea065a20d07d283ef9c5595da1859244093fbe2c620eb7cb86d4a5cbb52d6?s=96&d=mm&r=g","url":"https:\/\/secure.gravatar.com\/avatar\/8edea065a20d07d283ef9c5595da1859244093fbe2c620eb7cb86d4a5cbb52d6?s=96&d=mm&r=g","contentUrl":"https:\/\/secure.gravatar.com\/avatar\/8edea065a20d07d283ef9c5595da1859244093fbe2c620eb7cb86d4a5cbb52d6?s=96&d=mm&r=g","caption":"Fr\u00e9quence Sill\u00e9"},"url":"https:\/\/frequence-sille.org\/newsite\/author\/frequenc\/"}]}},"_links":{"self":[{"href":"https:\/\/frequence-sille.org\/newsite\/wp-json\/wp\/v2\/posts\/14342","targetHints":{"allow":["GET"]}}],"collection":[{"href":"https:\/\/frequence-sille.org\/newsite\/wp-json\/wp\/v2\/posts"}],"about":[{"href":"https:\/\/frequence-sille.org\/newsite\/wp-json\/wp\/v2\/types\/post"}],"author":[{"embeddable":true,"href":"https:\/\/frequence-sille.org\/newsite\/wp-json\/wp\/v2\/users\/1"}],"replies":[{"embeddable":true,"href":"https:\/\/frequence-sille.org\/newsite\/wp-json\/wp\/v2\/comments?post=14342"}],"version-history":[{"count":9,"href":"https:\/\/frequence-sille.org\/newsite\/wp-json\/wp\/v2\/posts\/14342\/revisions"}],"predecessor-version":[{"id":15607,"href":"https:\/\/frequence-sille.org\/newsite\/wp-json\/wp\/v2\/posts\/14342\/revisions\/15607"}],"wp:featuredmedia":[{"embeddable":true,"href":"https:\/\/frequence-sille.org\/newsite\/wp-json\/wp\/v2\/media\/14357"}],"wp:attachment":[{"href":"https:\/\/frequence-sille.org\/newsite\/wp-json\/wp\/v2\/media?parent=14342"}],"wp:term":[{"taxonomy":"category","embeddable":true,"href":"https:\/\/frequence-sille.org\/newsite\/wp-json\/wp\/v2\/categories?post=14342"},{"taxonomy":"post_tag","embeddable":true,"href":"https:\/\/frequence-sille.org\/newsite\/wp-json\/wp\/v2\/tags?post=14342"}],"curies":[{"name":"wp","href":"https:\/\/api.w.org\/{rel}","templated":true}]}}