{"id":14480,"date":"2025-01-09T09:38:46","date_gmt":"2025-01-09T08:38:46","guid":{"rendered":"https:\/\/frequence-sille.org\/newsite\/?p=14480"},"modified":"2025-01-09T09:59:15","modified_gmt":"2025-01-09T08:59:15","slug":"geek-life-ce-18-et-19-janvier-au-mans","status":"publish","type":"post","link":"https:\/\/frequence-sille.org\/newsite\/2025\/01\/09\/geek-life-ce-18-et-19-janvier-au-mans\/","title":{"rendered":"Geek life ce 18 et 19 janvier au Mans"},"content":{"rendered":"\n<p>Nous avons re\u00e7u Jean-Christophe Camus qui nous pr\u00e9sente la 8i\u00e8me \u00e9dition de la Geek Life qui sera organis\u00e9 ce 18 et 19 janvier, de 10h \u00e0 19h situ\u00e9 au parc des expositions au Mans.<\/p>\n\n\n\n<p> Au programme vous pouriez retrouver : <\/p>\n\n\n\n<ul class=\"wp-block-list\">\n<li>des concours cosplays <\/li>\n\n\n\n<li>des arts martiaux <\/li>\n\n\n\n<li>une partie rencontre et d\u00e9dicace (Lebouseuh, Jacky, Dina et d&rsquo;autres encore)<\/li>\n\n\n\n<li> Just Dance<\/li>\n\n\n\n<li>sc\u00e8ne Jeux vid\u00e9os avec 30 PC pour des tournois <\/li>\n\n\n\n<li>de la restauration asiatique et burger  <\/li>\n\n\n\n<li>\u00e9cole cor\u00e9enne du Mans <\/li>\n\n\n\n<li>Un village m\u00e9di\u00e9vale <\/li>\n<\/ul>\n\n\n\n<p>Vous pouvez retrouvez toutes les informations et la billetterie sur le site officiel :<\/p>\n\n\n\n<figure class=\"wp-block-embed is-type-wp-embed is-provider-geek-life wp-block-embed-geek-life\"><div class=\"wp-block-embed__wrapper\">\n<blockquote class=\"wp-embedded-content\" data-secret=\"waOgcW9WtC\"><a href=\"https:\/\/www.geeklife.fr\/lemans\/\">Le Mans<\/a><\/blockquote><iframe loading=\"lazy\" class=\"wp-embedded-content\" sandbox=\"allow-scripts\" security=\"restricted\" style=\"position: absolute; visibility: hidden;\" title=\"\u00ab\u00a0Le Mans\u00a0\u00bb &#8212; Geek Life\" src=\"https:\/\/www.geeklife.fr\/lemans\/embed\/#?secret=o8OAi4Djub#?secret=waOgcW9WtC\" data-secret=\"waOgcW9WtC\" width=\"600\" height=\"338\" frameborder=\"0\" marginwidth=\"0\" marginheight=\"0\" scrolling=\"no\"><\/iframe>\n<\/div><\/figure>\n\n\n\n<iframe loading=\"lazy\" scrolling=\"no\" id=\"hearthis_at_track_11664321\" width=\"100%\" height=\"150\" src=\"https:\/\/app.hearthis.at\/embed\/11664321\/transparent_black\/?hcolor=&#038;color=&#038;style=2&#038;block_size=2&#038;block_space=1&#038;background=1&#038;waveform=0&#038;cover=0&#038;autoplay=0&#038;css=\" frameborder=\"0\" allowtransparency allow=\"autoplay\"><p>Listen to <a href=\"https:\/\/hearthis.at\/frequence-sille\/geek-life-2025-jc-camus\/\" target=\"_blank\">Geek life 2025- Jean-Christophe Camus<\/a> <span>by<\/span><a href=\"https:\/\/hearthis.at\/frequence-sille\/\" target=\"_blank\" >Frequence Sill\u00e9<\/a> <span>on<\/span> <a href=\"https:\/\/hearthis.at\/\" target=\"_blank\">hearthis.at<\/a><\/p><\/iframe>\n","protected":false},"excerpt":{"rendered":"<p>Nous avons re\u00e7u Jean-Christophe Camus qui nous pr\u00e9sente la 8i\u00e8me \u00e9dition de la Geek Life qui sera organis\u00e9 ce 18 et 19 janvier, de 10h \u00e0 19h situ\u00e9 au parc&hellip;<\/p>\n","protected":false},"author":1,"featured_media":14489,"comment_status":"closed","ping_status":"open","sticky":false,"template":"","format":"standard","meta":{"footnotes":""},"categories":[15,11],"tags":[],"class_list":["post-14480","post","type-post","status-publish","format-standard","has-post-thumbnail","hentry","category-culture","category-evenements"],"yoast_head":"<!-- This site is optimized with the Yoast SEO plugin v27.4 - https:\/\/yoast.com\/product\/yoast-seo-wordpress\/ -->\n<title>Geek life ce 18 et 19 janvier au Mans - Fr\u00e9quence Sill\u00e9<\/title>\n<meta name=\"robots\" content=\"index, follow, max-snippet:-1, max-image-preview:large, max-video-preview:-1\" \/>\n<link rel=\"canonical\" href=\"https:\/\/frequence-sille.org\/newsite\/2025\/01\/09\/geek-life-ce-18-et-19-janvier-au-mans\/\" \/>\n<meta property=\"og:locale\" content=\"fr_FR\" \/>\n<meta property=\"og:type\" content=\"article\" \/>\n<meta property=\"og:title\" content=\"Geek life ce 18 et 19 janvier au Mans - Fr\u00e9quence Sill\u00e9\" \/>\n<meta property=\"og:description\" content=\"Nous avons re\u00e7u Jean-Christophe Camus qui nous pr\u00e9sente la 8i\u00e8me \u00e9dition de la Geek Life qui sera organis\u00e9 ce 18 et 19 janvier, de 10h \u00e0 19h situ\u00e9 au parc&hellip;\" \/>\n<meta property=\"og:url\" content=\"https:\/\/frequence-sille.org\/newsite\/2025\/01\/09\/geek-life-ce-18-et-19-janvier-au-mans\/\" \/>\n<meta property=\"og:site_name\" content=\"Fr\u00e9quence Sill\u00e9\" \/>\n<meta property=\"article:publisher\" content=\"https:\/\/www.facebook.com\/frequencesille979fm\" \/>\n<meta property=\"article:published_time\" content=\"2025-01-09T08:38:46+00:00\" \/>\n<meta property=\"article:modified_time\" content=\"2025-01-09T08:59:15+00:00\" \/>\n<meta property=\"og:image\" content=\"https:\/\/frequence-sille.org\/newsite\/wp-content\/uploads\/2025\/01\/geek-life-1024x512.png\" \/>\n\t<meta property=\"og:image:width\" content=\"1024\" \/>\n\t<meta property=\"og:image:height\" content=\"512\" \/>\n\t<meta property=\"og:image:type\" content=\"image\/png\" \/>\n<meta name=\"author\" content=\"Fr\u00e9quence Sill\u00e9\" \/>\n<meta name=\"twitter:card\" content=\"summary_large_image\" \/>\n<meta name=\"twitter:creator\" content=\"@freqsille979\" \/>\n<meta name=\"twitter:site\" content=\"@freqsille979\" \/>\n<meta name=\"twitter:label1\" content=\"\u00c9crit par\" \/>\n\t<meta name=\"twitter:data1\" content=\"Fr\u00e9quence Sill\u00e9\" \/>\n\t<meta name=\"twitter:label2\" content=\"Dur\u00e9e de lecture estim\u00e9e\" \/>\n\t<meta name=\"twitter:data2\" content=\"1 minute\" \/>\n<script type=\"application\/ld+json\" class=\"yoast-schema-graph\">{\"@context\":\"https:\\\/\\\/schema.org\",\"@graph\":[{\"@type\":\"Article\",\"@id\":\"https:\\\/\\\/frequence-sille.org\\\/newsite\\\/2025\\\/01\\\/09\\\/geek-life-ce-18-et-19-janvier-au-mans\\\/#article\",\"isPartOf\":{\"@id\":\"https:\\\/\\\/frequence-sille.org\\\/newsite\\\/2025\\\/01\\\/09\\\/geek-life-ce-18-et-19-janvier-au-mans\\\/\"},\"author\":{\"name\":\"Fr\u00e9quence Sill\u00e9\",\"@id\":\"https:\\\/\\\/frequence-sille.org\\\/newsite\\\/#\\\/schema\\\/person\\\/b2ef2baba58f9c81a066ca894f156fc5\"},\"headline\":\"Geek life ce 18 et 19 janvier au Mans\",\"datePublished\":\"2025-01-09T08:38:46+00:00\",\"dateModified\":\"2025-01-09T08:59:15+00:00\",\"mainEntityOfPage\":{\"@id\":\"https:\\\/\\\/frequence-sille.org\\\/newsite\\\/2025\\\/01\\\/09\\\/geek-life-ce-18-et-19-janvier-au-mans\\\/\"},\"wordCount\":123,\"publisher\":{\"@id\":\"https:\\\/\\\/frequence-sille.org\\\/newsite\\\/#organization\"},\"image\":{\"@id\":\"https:\\\/\\\/frequence-sille.org\\\/newsite\\\/2025\\\/01\\\/09\\\/geek-life-ce-18-et-19-janvier-au-mans\\\/#primaryimage\"},\"thumbnailUrl\":\"https:\\\/\\\/frequence-sille.org\\\/newsite\\\/wp-content\\\/uploads\\\/2025\\\/01\\\/geek-life.png\",\"articleSection\":[\"Culture\",\"Ev\u00e9nements\"],\"inLanguage\":\"fr-FR\"},{\"@type\":\"WebPage\",\"@id\":\"https:\\\/\\\/frequence-sille.org\\\/newsite\\\/2025\\\/01\\\/09\\\/geek-life-ce-18-et-19-janvier-au-mans\\\/\",\"url\":\"https:\\\/\\\/frequence-sille.org\\\/newsite\\\/2025\\\/01\\\/09\\\/geek-life-ce-18-et-19-janvier-au-mans\\\/\",\"name\":\"Geek life ce 18 et 19 janvier au Mans - Fr\u00e9quence Sill\u00e9\",\"isPartOf\":{\"@id\":\"https:\\\/\\\/frequence-sille.org\\\/newsite\\\/#website\"},\"primaryImageOfPage\":{\"@id\":\"https:\\\/\\\/frequence-sille.org\\\/newsite\\\/2025\\\/01\\\/09\\\/geek-life-ce-18-et-19-janvier-au-mans\\\/#primaryimage\"},\"image\":{\"@id\":\"https:\\\/\\\/frequence-sille.org\\\/newsite\\\/2025\\\/01\\\/09\\\/geek-life-ce-18-et-19-janvier-au-mans\\\/#primaryimage\"},\"thumbnailUrl\":\"https:\\\/\\\/frequence-sille.org\\\/newsite\\\/wp-content\\\/uploads\\\/2025\\\/01\\\/geek-life.png\",\"datePublished\":\"2025-01-09T08:38:46+00:00\",\"dateModified\":\"2025-01-09T08:59:15+00:00\",\"breadcrumb\":{\"@id\":\"https:\\\/\\\/frequence-sille.org\\\/newsite\\\/2025\\\/01\\\/09\\\/geek-life-ce-18-et-19-janvier-au-mans\\\/#breadcrumb\"},\"inLanguage\":\"fr-FR\",\"potentialAction\":[{\"@type\":\"ReadAction\",\"target\":[\"https:\\\/\\\/frequence-sille.org\\\/newsite\\\/2025\\\/01\\\/09\\\/geek-life-ce-18-et-19-janvier-au-mans\\\/\"]}]},{\"@type\":\"ImageObject\",\"inLanguage\":\"fr-FR\",\"@id\":\"https:\\\/\\\/frequence-sille.org\\\/newsite\\\/2025\\\/01\\\/09\\\/geek-life-ce-18-et-19-janvier-au-mans\\\/#primaryimage\",\"url\":\"https:\\\/\\\/frequence-sille.org\\\/newsite\\\/wp-content\\\/uploads\\\/2025\\\/01\\\/geek-life.png\",\"contentUrl\":\"https:\\\/\\\/frequence-sille.org\\\/newsite\\\/wp-content\\\/uploads\\\/2025\\\/01\\\/geek-life.png\",\"width\":6912,\"height\":3456},{\"@type\":\"BreadcrumbList\",\"@id\":\"https:\\\/\\\/frequence-sille.org\\\/newsite\\\/2025\\\/01\\\/09\\\/geek-life-ce-18-et-19-janvier-au-mans\\\/#breadcrumb\",\"itemListElement\":[{\"@type\":\"ListItem\",\"position\":1,\"name\":\"Accueil\",\"item\":\"https:\\\/\\\/frequence-sille.org\\\/newsite\\\/\"},{\"@type\":\"ListItem\",\"position\":2,\"name\":\"Geek life ce 18 et 19 janvier au Mans\"}]},{\"@type\":\"WebSite\",\"@id\":\"https:\\\/\\\/frequence-sille.org\\\/newsite\\\/#website\",\"url\":\"https:\\\/\\\/frequence-sille.org\\\/newsite\\\/\",\"name\":\"Fr\u00e9quence Sill\u00e9\",\"description\":\"Bien plus qu&#039;une radio...votre radio !\",\"publisher\":{\"@id\":\"https:\\\/\\\/frequence-sille.org\\\/newsite\\\/#organization\"},\"potentialAction\":[{\"@type\":\"SearchAction\",\"target\":{\"@type\":\"EntryPoint\",\"urlTemplate\":\"https:\\\/\\\/frequence-sille.org\\\/newsite\\\/?s={search_term_string}\"},\"query-input\":{\"@type\":\"PropertyValueSpecification\",\"valueRequired\":true,\"valueName\":\"search_term_string\"}}],\"inLanguage\":\"fr-FR\"},{\"@type\":\"Organization\",\"@id\":\"https:\\\/\\\/frequence-sille.org\\\/newsite\\\/#organization\",\"name\":\"Fr\u00e9quence Sill\u00e9\",\"url\":\"https:\\\/\\\/frequence-sille.org\\\/newsite\\\/\",\"logo\":{\"@type\":\"ImageObject\",\"inLanguage\":\"fr-FR\",\"@id\":\"https:\\\/\\\/frequence-sille.org\\\/newsite\\\/#\\\/schema\\\/logo\\\/image\\\/\",\"url\":\"https:\\\/\\\/frequence-sille.org\\\/newsite\\\/wp-content\\\/uploads\\\/2023\\\/07\\\/LOGO_979_NOIR.png\",\"contentUrl\":\"https:\\\/\\\/frequence-sille.org\\\/newsite\\\/wp-content\\\/uploads\\\/2023\\\/07\\\/LOGO_979_NOIR.png\",\"width\":7680,\"height\":4320,\"caption\":\"Fr\u00e9quence Sill\u00e9\"},\"image\":{\"@id\":\"https:\\\/\\\/frequence-sille.org\\\/newsite\\\/#\\\/schema\\\/logo\\\/image\\\/\"},\"sameAs\":[\"https:\\\/\\\/www.facebook.com\\\/frequencesille979fm\",\"https:\\\/\\\/x.com\\\/freqsille979\",\"https:\\\/\\\/www.instagram.com\\\/frequencesille\\\/\"]},{\"@type\":\"Person\",\"@id\":\"https:\\\/\\\/frequence-sille.org\\\/newsite\\\/#\\\/schema\\\/person\\\/b2ef2baba58f9c81a066ca894f156fc5\",\"name\":\"Fr\u00e9quence Sill\u00e9\",\"image\":{\"@type\":\"ImageObject\",\"inLanguage\":\"fr-FR\",\"@id\":\"https:\\\/\\\/secure.gravatar.com\\\/avatar\\\/8edea065a20d07d283ef9c5595da1859244093fbe2c620eb7cb86d4a5cbb52d6?s=96&d=mm&r=g\",\"url\":\"https:\\\/\\\/secure.gravatar.com\\\/avatar\\\/8edea065a20d07d283ef9c5595da1859244093fbe2c620eb7cb86d4a5cbb52d6?s=96&d=mm&r=g\",\"contentUrl\":\"https:\\\/\\\/secure.gravatar.com\\\/avatar\\\/8edea065a20d07d283ef9c5595da1859244093fbe2c620eb7cb86d4a5cbb52d6?s=96&d=mm&r=g\",\"caption\":\"Fr\u00e9quence Sill\u00e9\"},\"url\":\"https:\\\/\\\/frequence-sille.org\\\/newsite\\\/author\\\/frequenc\\\/\"}]}<\/script>\n<!-- \/ Yoast SEO plugin. -->","yoast_head_json":{"title":"Geek life ce 18 et 19 janvier au Mans - Fr\u00e9quence Sill\u00e9","robots":{"index":"index","follow":"follow","max-snippet":"max-snippet:-1","max-image-preview":"max-image-preview:large","max-video-preview":"max-video-preview:-1"},"canonical":"https:\/\/frequence-sille.org\/newsite\/2025\/01\/09\/geek-life-ce-18-et-19-janvier-au-mans\/","og_locale":"fr_FR","og_type":"article","og_title":"Geek life ce 18 et 19 janvier au Mans - Fr\u00e9quence Sill\u00e9","og_description":"Nous avons re\u00e7u Jean-Christophe Camus qui nous pr\u00e9sente la 8i\u00e8me \u00e9dition de la Geek Life qui sera organis\u00e9 ce 18 et 19 janvier, de 10h \u00e0 19h situ\u00e9 au parc&hellip;","og_url":"https:\/\/frequence-sille.org\/newsite\/2025\/01\/09\/geek-life-ce-18-et-19-janvier-au-mans\/","og_site_name":"Fr\u00e9quence Sill\u00e9","article_publisher":"https:\/\/www.facebook.com\/frequencesille979fm","article_published_time":"2025-01-09T08:38:46+00:00","article_modified_time":"2025-01-09T08:59:15+00:00","og_image":[{"width":1024,"height":512,"url":"https:\/\/frequence-sille.org\/newsite\/wp-content\/uploads\/2025\/01\/geek-life-1024x512.png","type":"image\/png"}],"author":"Fr\u00e9quence Sill\u00e9","twitter_card":"summary_large_image","twitter_creator":"@freqsille979","twitter_site":"@freqsille979","twitter_misc":{"\u00c9crit par":"Fr\u00e9quence Sill\u00e9","Dur\u00e9e de lecture estim\u00e9e":"1 minute"},"schema":{"@context":"https:\/\/schema.org","@graph":[{"@type":"Article","@id":"https:\/\/frequence-sille.org\/newsite\/2025\/01\/09\/geek-life-ce-18-et-19-janvier-au-mans\/#article","isPartOf":{"@id":"https:\/\/frequence-sille.org\/newsite\/2025\/01\/09\/geek-life-ce-18-et-19-janvier-au-mans\/"},"author":{"name":"Fr\u00e9quence Sill\u00e9","@id":"https:\/\/frequence-sille.org\/newsite\/#\/schema\/person\/b2ef2baba58f9c81a066ca894f156fc5"},"headline":"Geek life ce 18 et 19 janvier au Mans","datePublished":"2025-01-09T08:38:46+00:00","dateModified":"2025-01-09T08:59:15+00:00","mainEntityOfPage":{"@id":"https:\/\/frequence-sille.org\/newsite\/2025\/01\/09\/geek-life-ce-18-et-19-janvier-au-mans\/"},"wordCount":123,"publisher":{"@id":"https:\/\/frequence-sille.org\/newsite\/#organization"},"image":{"@id":"https:\/\/frequence-sille.org\/newsite\/2025\/01\/09\/geek-life-ce-18-et-19-janvier-au-mans\/#primaryimage"},"thumbnailUrl":"https:\/\/frequence-sille.org\/newsite\/wp-content\/uploads\/2025\/01\/geek-life.png","articleSection":["Culture","Ev\u00e9nements"],"inLanguage":"fr-FR"},{"@type":"WebPage","@id":"https:\/\/frequence-sille.org\/newsite\/2025\/01\/09\/geek-life-ce-18-et-19-janvier-au-mans\/","url":"https:\/\/frequence-sille.org\/newsite\/2025\/01\/09\/geek-life-ce-18-et-19-janvier-au-mans\/","name":"Geek life ce 18 et 19 janvier au Mans - Fr\u00e9quence Sill\u00e9","isPartOf":{"@id":"https:\/\/frequence-sille.org\/newsite\/#website"},"primaryImageOfPage":{"@id":"https:\/\/frequence-sille.org\/newsite\/2025\/01\/09\/geek-life-ce-18-et-19-janvier-au-mans\/#primaryimage"},"image":{"@id":"https:\/\/frequence-sille.org\/newsite\/2025\/01\/09\/geek-life-ce-18-et-19-janvier-au-mans\/#primaryimage"},"thumbnailUrl":"https:\/\/frequence-sille.org\/newsite\/wp-content\/uploads\/2025\/01\/geek-life.png","datePublished":"2025-01-09T08:38:46+00:00","dateModified":"2025-01-09T08:59:15+00:00","breadcrumb":{"@id":"https:\/\/frequence-sille.org\/newsite\/2025\/01\/09\/geek-life-ce-18-et-19-janvier-au-mans\/#breadcrumb"},"inLanguage":"fr-FR","potentialAction":[{"@type":"ReadAction","target":["https:\/\/frequence-sille.org\/newsite\/2025\/01\/09\/geek-life-ce-18-et-19-janvier-au-mans\/"]}]},{"@type":"ImageObject","inLanguage":"fr-FR","@id":"https:\/\/frequence-sille.org\/newsite\/2025\/01\/09\/geek-life-ce-18-et-19-janvier-au-mans\/#primaryimage","url":"https:\/\/frequence-sille.org\/newsite\/wp-content\/uploads\/2025\/01\/geek-life.png","contentUrl":"https:\/\/frequence-sille.org\/newsite\/wp-content\/uploads\/2025\/01\/geek-life.png","width":6912,"height":3456},{"@type":"BreadcrumbList","@id":"https:\/\/frequence-sille.org\/newsite\/2025\/01\/09\/geek-life-ce-18-et-19-janvier-au-mans\/#breadcrumb","itemListElement":[{"@type":"ListItem","position":1,"name":"Accueil","item":"https:\/\/frequence-sille.org\/newsite\/"},{"@type":"ListItem","position":2,"name":"Geek life ce 18 et 19 janvier au Mans"}]},{"@type":"WebSite","@id":"https:\/\/frequence-sille.org\/newsite\/#website","url":"https:\/\/frequence-sille.org\/newsite\/","name":"Fr\u00e9quence Sill\u00e9","description":"Bien plus qu&#039;une radio...votre radio !","publisher":{"@id":"https:\/\/frequence-sille.org\/newsite\/#organization"},"potentialAction":[{"@type":"SearchAction","target":{"@type":"EntryPoint","urlTemplate":"https:\/\/frequence-sille.org\/newsite\/?s={search_term_string}"},"query-input":{"@type":"PropertyValueSpecification","valueRequired":true,"valueName":"search_term_string"}}],"inLanguage":"fr-FR"},{"@type":"Organization","@id":"https:\/\/frequence-sille.org\/newsite\/#organization","name":"Fr\u00e9quence Sill\u00e9","url":"https:\/\/frequence-sille.org\/newsite\/","logo":{"@type":"ImageObject","inLanguage":"fr-FR","@id":"https:\/\/frequence-sille.org\/newsite\/#\/schema\/logo\/image\/","url":"https:\/\/frequence-sille.org\/newsite\/wp-content\/uploads\/2023\/07\/LOGO_979_NOIR.png","contentUrl":"https:\/\/frequence-sille.org\/newsite\/wp-content\/uploads\/2023\/07\/LOGO_979_NOIR.png","width":7680,"height":4320,"caption":"Fr\u00e9quence Sill\u00e9"},"image":{"@id":"https:\/\/frequence-sille.org\/newsite\/#\/schema\/logo\/image\/"},"sameAs":["https:\/\/www.facebook.com\/frequencesille979fm","https:\/\/x.com\/freqsille979","https:\/\/www.instagram.com\/frequencesille\/"]},{"@type":"Person","@id":"https:\/\/frequence-sille.org\/newsite\/#\/schema\/person\/b2ef2baba58f9c81a066ca894f156fc5","name":"Fr\u00e9quence Sill\u00e9","image":{"@type":"ImageObject","inLanguage":"fr-FR","@id":"https:\/\/secure.gravatar.com\/avatar\/8edea065a20d07d283ef9c5595da1859244093fbe2c620eb7cb86d4a5cbb52d6?s=96&d=mm&r=g","url":"https:\/\/secure.gravatar.com\/avatar\/8edea065a20d07d283ef9c5595da1859244093fbe2c620eb7cb86d4a5cbb52d6?s=96&d=mm&r=g","contentUrl":"https:\/\/secure.gravatar.com\/avatar\/8edea065a20d07d283ef9c5595da1859244093fbe2c620eb7cb86d4a5cbb52d6?s=96&d=mm&r=g","caption":"Fr\u00e9quence Sill\u00e9"},"url":"https:\/\/frequence-sille.org\/newsite\/author\/frequenc\/"}]}},"_links":{"self":[{"href":"https:\/\/frequence-sille.org\/newsite\/wp-json\/wp\/v2\/posts\/14480","targetHints":{"allow":["GET"]}}],"collection":[{"href":"https:\/\/frequence-sille.org\/newsite\/wp-json\/wp\/v2\/posts"}],"about":[{"href":"https:\/\/frequence-sille.org\/newsite\/wp-json\/wp\/v2\/types\/post"}],"author":[{"embeddable":true,"href":"https:\/\/frequence-sille.org\/newsite\/wp-json\/wp\/v2\/users\/1"}],"replies":[{"embeddable":true,"href":"https:\/\/frequence-sille.org\/newsite\/wp-json\/wp\/v2\/comments?post=14480"}],"version-history":[{"count":1,"href":"https:\/\/frequence-sille.org\/newsite\/wp-json\/wp\/v2\/posts\/14480\/revisions"}],"predecessor-version":[{"id":14482,"href":"https:\/\/frequence-sille.org\/newsite\/wp-json\/wp\/v2\/posts\/14480\/revisions\/14482"}],"wp:featuredmedia":[{"embeddable":true,"href":"https:\/\/frequence-sille.org\/newsite\/wp-json\/wp\/v2\/media\/14489"}],"wp:attachment":[{"href":"https:\/\/frequence-sille.org\/newsite\/wp-json\/wp\/v2\/media?parent=14480"}],"wp:term":[{"taxonomy":"category","embeddable":true,"href":"https:\/\/frequence-sille.org\/newsite\/wp-json\/wp\/v2\/categories?post=14480"},{"taxonomy":"post_tag","embeddable":true,"href":"https:\/\/frequence-sille.org\/newsite\/wp-json\/wp\/v2\/tags?post=14480"}],"curies":[{"name":"wp","href":"https:\/\/api.w.org\/{rel}","templated":true}]}}