{"id":15213,"date":"2025-06-06T09:56:51","date_gmt":"2025-06-06T07:56:51","guid":{"rendered":"https:\/\/frequence-sille.org\/newsite\/?p=15213"},"modified":"2025-06-06T09:56:55","modified_gmt":"2025-06-06T07:56:55","slug":"les-cles-pour-lutter-contre-les-fakes-news-thomas-huchon","status":"publish","type":"post","link":"https:\/\/frequence-sille.org\/newsite\/2025\/06\/06\/les-cles-pour-lutter-contre-les-fakes-news-thomas-huchon\/","title":{"rendered":"Les cl\u00e9s pour lutter contre les fakes news &#8211; Thomas Huchon"},"content":{"rendered":"\n<p>Nous avons re\u00e7u ce mardi 3 juin \u00e0 la cit\u00e9 scolaire Paul Scarron Thomas Huchon, journaliste d&rsquo;investigation sp\u00e9cialis\u00e9 dans la lutte contre les fakes news et les th\u00e9ories du complots.<\/p>\n\n\n\n<p>Il s&rsquo;est pr\u00e9sent\u00e9 dans la cit\u00e9 scolaire Paul Scarron pour expliquer ce principe de fake news, comment y faire face et comment les comprendre. Il nous a donn\u00e9 des conseils pour lutter contre celles-ci en fonction de la fake news ou de la personne que l&rsquo;on a en face de nous lors d&rsquo;un d\u00e9bat dans le contexte d&rsquo;une th\u00e9orie du complot.<\/p>\n\n\n\n<iframe loading=\"lazy\" scrolling=\"no\" style=\"border-radius: 5px;\" id=\"hearthis_at_track_12237830\" width=\"100%\" height=\"150\" src=\"https:\/\/app.hearthis.at\/embed\/12237830\/transparent_black\/?hcolor=&#038;color=&#038;style=2&#038;block_size=2&#038;block_space=1&#038;background=1&#038;waveform=0&#038;cover=0&#038;autoplay=0&#038;css=\" frameborder=\"0\" allowtransparency allow=\"autoplay\"><p>Listen to <a href=\"https:\/\/hearthis.at\/frequence-sille\/les-cles-pour-lutter-contre-les-fakes-news\/\" target=\"_blank\">Les cl\u00e9s pour lutter contre les Fakes news &#8211; Thomas Huchon<\/a> <span>by<\/span><a href=\"https:\/\/hearthis.at\/frequence-sille\/\" target=\"_blank\" >Frequence Sill\u00e9<\/a> <span>on<\/span> <a href=\"https:\/\/hearthis.at\/\" target=\"_blank\">hearthis.at<\/a><\/p><\/iframe>\n\n\n\n<figure class=\"wp-block-image size-large is-resized\"><img loading=\"lazy\" decoding=\"async\" width=\"1024\" height=\"768\" src=\"https:\/\/frequence-sille.org\/newsite\/wp-content\/uploads\/2025\/06\/thomas-avec-eleves-1024x768.jpg\" alt=\"\" class=\"wp-image-15215\" style=\"width:481px;height:auto\" srcset=\"https:\/\/frequence-sille.org\/newsite\/wp-content\/uploads\/2025\/06\/thomas-avec-eleves-1024x768.jpg 1024w, https:\/\/frequence-sille.org\/newsite\/wp-content\/uploads\/2025\/06\/thomas-avec-eleves-300x225.jpg 300w, https:\/\/frequence-sille.org\/newsite\/wp-content\/uploads\/2025\/06\/thomas-avec-eleves-768x576.jpg 768w, https:\/\/frequence-sille.org\/newsite\/wp-content\/uploads\/2025\/06\/thomas-avec-eleves-1536x1152.jpg 1536w, https:\/\/frequence-sille.org\/newsite\/wp-content\/uploads\/2025\/06\/thomas-avec-eleves-2048x1536.jpg 2048w\" sizes=\"auto, (max-width: 1024px) 100vw, 1024px\" \/><\/figure>\n\n\n\n<p><\/p>\n","protected":false},"excerpt":{"rendered":"<p>Nous avons re\u00e7u ce mardi 3 juin \u00e0 la cit\u00e9 scolaire Paul Scarron Thomas Huchon, journaliste d&rsquo;investigation sp\u00e9cialis\u00e9 dans la lutte contre les fakes news et les th\u00e9ories du complots.&hellip;<\/p>\n","protected":false},"author":1,"featured_media":15218,"comment_status":"closed","ping_status":"open","sticky":false,"template":"","format":"standard","meta":{"footnotes":""},"categories":[35,10],"tags":[],"class_list":["post-15213","post","type-post","status-publish","format-standard","has-post-thumbnail","hentry","category-informations-generales","category-jeunesse"],"yoast_head":"<!-- This site is optimized with the Yoast SEO plugin v27.5 - https:\/\/yoast.com\/product\/yoast-seo-wordpress\/ -->\n<title>Les cl\u00e9s pour lutter contre les fakes news - Thomas Huchon - Fr\u00e9quence Sill\u00e9<\/title>\n<meta name=\"robots\" content=\"index, follow, max-snippet:-1, max-image-preview:large, max-video-preview:-1\" \/>\n<link rel=\"canonical\" href=\"https:\/\/frequence-sille.org\/newsite\/2025\/06\/06\/les-cles-pour-lutter-contre-les-fakes-news-thomas-huchon\/\" \/>\n<meta property=\"og:locale\" content=\"fr_FR\" \/>\n<meta property=\"og:type\" content=\"article\" \/>\n<meta property=\"og:title\" content=\"Les cl\u00e9s pour lutter contre les fakes news - Thomas Huchon - Fr\u00e9quence Sill\u00e9\" \/>\n<meta property=\"og:description\" content=\"Nous avons re\u00e7u ce mardi 3 juin \u00e0 la cit\u00e9 scolaire Paul Scarron Thomas Huchon, journaliste d&rsquo;investigation sp\u00e9cialis\u00e9 dans la lutte contre les fakes news et les th\u00e9ories du complots.&hellip;\" \/>\n<meta property=\"og:url\" content=\"https:\/\/frequence-sille.org\/newsite\/2025\/06\/06\/les-cles-pour-lutter-contre-les-fakes-news-thomas-huchon\/\" \/>\n<meta property=\"og:site_name\" content=\"Fr\u00e9quence Sill\u00e9\" \/>\n<meta property=\"article:publisher\" content=\"https:\/\/www.facebook.com\/frequencesille979fm\" \/>\n<meta property=\"article:published_time\" content=\"2025-06-06T07:56:51+00:00\" \/>\n<meta property=\"article:modified_time\" content=\"2025-06-06T07:56:55+00:00\" \/>\n<meta property=\"og:image\" content=\"https:\/\/frequence-sille.org\/newsite\/wp-content\/uploads\/2025\/06\/Design-sans-titre-2-1024x512.png\" \/>\n\t<meta property=\"og:image:width\" content=\"1024\" \/>\n\t<meta property=\"og:image:height\" content=\"512\" \/>\n\t<meta property=\"og:image:type\" content=\"image\/png\" \/>\n<meta name=\"author\" content=\"Fr\u00e9quence Sill\u00e9\" \/>\n<meta name=\"twitter:card\" content=\"summary_large_image\" \/>\n<meta name=\"twitter:creator\" content=\"@freqsille979\" \/>\n<meta name=\"twitter:site\" content=\"@freqsille979\" \/>\n<meta name=\"twitter:label1\" content=\"\u00c9crit par\" \/>\n\t<meta name=\"twitter:data1\" content=\"Fr\u00e9quence Sill\u00e9\" \/>\n\t<meta name=\"twitter:label2\" content=\"Dur\u00e9e de lecture estim\u00e9e\" \/>\n\t<meta name=\"twitter:data2\" content=\"1 minute\" \/>\n<script type=\"application\/ld+json\" class=\"yoast-schema-graph\">{\"@context\":\"https:\\\/\\\/schema.org\",\"@graph\":[{\"@type\":\"Article\",\"@id\":\"https:\\\/\\\/frequence-sille.org\\\/newsite\\\/2025\\\/06\\\/06\\\/les-cles-pour-lutter-contre-les-fakes-news-thomas-huchon\\\/#article\",\"isPartOf\":{\"@id\":\"https:\\\/\\\/frequence-sille.org\\\/newsite\\\/2025\\\/06\\\/06\\\/les-cles-pour-lutter-contre-les-fakes-news-thomas-huchon\\\/\"},\"author\":{\"name\":\"Fr\u00e9quence Sill\u00e9\",\"@id\":\"https:\\\/\\\/frequence-sille.org\\\/newsite\\\/#\\\/schema\\\/person\\\/b2ef2baba58f9c81a066ca894f156fc5\"},\"headline\":\"Les cl\u00e9s pour lutter contre les fakes news &#8211; Thomas Huchon\",\"datePublished\":\"2025-06-06T07:56:51+00:00\",\"dateModified\":\"2025-06-06T07:56:55+00:00\",\"mainEntityOfPage\":{\"@id\":\"https:\\\/\\\/frequence-sille.org\\\/newsite\\\/2025\\\/06\\\/06\\\/les-cles-pour-lutter-contre-les-fakes-news-thomas-huchon\\\/\"},\"wordCount\":127,\"publisher\":{\"@id\":\"https:\\\/\\\/frequence-sille.org\\\/newsite\\\/#organization\"},\"image\":{\"@id\":\"https:\\\/\\\/frequence-sille.org\\\/newsite\\\/2025\\\/06\\\/06\\\/les-cles-pour-lutter-contre-les-fakes-news-thomas-huchon\\\/#primaryimage\"},\"thumbnailUrl\":\"https:\\\/\\\/frequence-sille.org\\\/newsite\\\/wp-content\\\/uploads\\\/2025\\\/06\\\/Design-sans-titre-2-scaled.png\",\"articleSection\":[\"Informations g\u00e9n\u00e9rales\",\"Jeunesse\"],\"inLanguage\":\"fr-FR\"},{\"@type\":\"WebPage\",\"@id\":\"https:\\\/\\\/frequence-sille.org\\\/newsite\\\/2025\\\/06\\\/06\\\/les-cles-pour-lutter-contre-les-fakes-news-thomas-huchon\\\/\",\"url\":\"https:\\\/\\\/frequence-sille.org\\\/newsite\\\/2025\\\/06\\\/06\\\/les-cles-pour-lutter-contre-les-fakes-news-thomas-huchon\\\/\",\"name\":\"Les cl\u00e9s pour lutter contre les fakes news - Thomas Huchon - Fr\u00e9quence Sill\u00e9\",\"isPartOf\":{\"@id\":\"https:\\\/\\\/frequence-sille.org\\\/newsite\\\/#website\"},\"primaryImageOfPage\":{\"@id\":\"https:\\\/\\\/frequence-sille.org\\\/newsite\\\/2025\\\/06\\\/06\\\/les-cles-pour-lutter-contre-les-fakes-news-thomas-huchon\\\/#primaryimage\"},\"image\":{\"@id\":\"https:\\\/\\\/frequence-sille.org\\\/newsite\\\/2025\\\/06\\\/06\\\/les-cles-pour-lutter-contre-les-fakes-news-thomas-huchon\\\/#primaryimage\"},\"thumbnailUrl\":\"https:\\\/\\\/frequence-sille.org\\\/newsite\\\/wp-content\\\/uploads\\\/2025\\\/06\\\/Design-sans-titre-2-scaled.png\",\"datePublished\":\"2025-06-06T07:56:51+00:00\",\"dateModified\":\"2025-06-06T07:56:55+00:00\",\"breadcrumb\":{\"@id\":\"https:\\\/\\\/frequence-sille.org\\\/newsite\\\/2025\\\/06\\\/06\\\/les-cles-pour-lutter-contre-les-fakes-news-thomas-huchon\\\/#breadcrumb\"},\"inLanguage\":\"fr-FR\",\"potentialAction\":[{\"@type\":\"ReadAction\",\"target\":[\"https:\\\/\\\/frequence-sille.org\\\/newsite\\\/2025\\\/06\\\/06\\\/les-cles-pour-lutter-contre-les-fakes-news-thomas-huchon\\\/\"]}]},{\"@type\":\"ImageObject\",\"inLanguage\":\"fr-FR\",\"@id\":\"https:\\\/\\\/frequence-sille.org\\\/newsite\\\/2025\\\/06\\\/06\\\/les-cles-pour-lutter-contre-les-fakes-news-thomas-huchon\\\/#primaryimage\",\"url\":\"https:\\\/\\\/frequence-sille.org\\\/newsite\\\/wp-content\\\/uploads\\\/2025\\\/06\\\/Design-sans-titre-2-scaled.png\",\"contentUrl\":\"https:\\\/\\\/frequence-sille.org\\\/newsite\\\/wp-content\\\/uploads\\\/2025\\\/06\\\/Design-sans-titre-2-scaled.png\",\"width\":2560,\"height\":1280},{\"@type\":\"BreadcrumbList\",\"@id\":\"https:\\\/\\\/frequence-sille.org\\\/newsite\\\/2025\\\/06\\\/06\\\/les-cles-pour-lutter-contre-les-fakes-news-thomas-huchon\\\/#breadcrumb\",\"itemListElement\":[{\"@type\":\"ListItem\",\"position\":1,\"name\":\"Accueil\",\"item\":\"https:\\\/\\\/frequence-sille.org\\\/newsite\\\/\"},{\"@type\":\"ListItem\",\"position\":2,\"name\":\"Les cl\u00e9s pour lutter contre les fakes news &#8211; Thomas Huchon\"}]},{\"@type\":\"WebSite\",\"@id\":\"https:\\\/\\\/frequence-sille.org\\\/newsite\\\/#website\",\"url\":\"https:\\\/\\\/frequence-sille.org\\\/newsite\\\/\",\"name\":\"Fr\u00e9quence Sill\u00e9\",\"description\":\"Bien plus qu&#039;une radio...votre radio !\",\"publisher\":{\"@id\":\"https:\\\/\\\/frequence-sille.org\\\/newsite\\\/#organization\"},\"potentialAction\":[{\"@type\":\"SearchAction\",\"target\":{\"@type\":\"EntryPoint\",\"urlTemplate\":\"https:\\\/\\\/frequence-sille.org\\\/newsite\\\/?s={search_term_string}\"},\"query-input\":{\"@type\":\"PropertyValueSpecification\",\"valueRequired\":true,\"valueName\":\"search_term_string\"}}],\"inLanguage\":\"fr-FR\"},{\"@type\":\"Organization\",\"@id\":\"https:\\\/\\\/frequence-sille.org\\\/newsite\\\/#organization\",\"name\":\"Fr\u00e9quence Sill\u00e9\",\"url\":\"https:\\\/\\\/frequence-sille.org\\\/newsite\\\/\",\"logo\":{\"@type\":\"ImageObject\",\"inLanguage\":\"fr-FR\",\"@id\":\"https:\\\/\\\/frequence-sille.org\\\/newsite\\\/#\\\/schema\\\/logo\\\/image\\\/\",\"url\":\"https:\\\/\\\/frequence-sille.org\\\/newsite\\\/wp-content\\\/uploads\\\/2023\\\/07\\\/LOGO_979_NOIR.png\",\"contentUrl\":\"https:\\\/\\\/frequence-sille.org\\\/newsite\\\/wp-content\\\/uploads\\\/2023\\\/07\\\/LOGO_979_NOIR.png\",\"width\":7680,\"height\":4320,\"caption\":\"Fr\u00e9quence Sill\u00e9\"},\"image\":{\"@id\":\"https:\\\/\\\/frequence-sille.org\\\/newsite\\\/#\\\/schema\\\/logo\\\/image\\\/\"},\"sameAs\":[\"https:\\\/\\\/www.facebook.com\\\/frequencesille979fm\",\"https:\\\/\\\/x.com\\\/freqsille979\",\"https:\\\/\\\/www.instagram.com\\\/frequencesille\\\/\"]},{\"@type\":\"Person\",\"@id\":\"https:\\\/\\\/frequence-sille.org\\\/newsite\\\/#\\\/schema\\\/person\\\/b2ef2baba58f9c81a066ca894f156fc5\",\"name\":\"Fr\u00e9quence Sill\u00e9\",\"image\":{\"@type\":\"ImageObject\",\"inLanguage\":\"fr-FR\",\"@id\":\"https:\\\/\\\/secure.gravatar.com\\\/avatar\\\/8edea065a20d07d283ef9c5595da1859244093fbe2c620eb7cb86d4a5cbb52d6?s=96&d=mm&r=g\",\"url\":\"https:\\\/\\\/secure.gravatar.com\\\/avatar\\\/8edea065a20d07d283ef9c5595da1859244093fbe2c620eb7cb86d4a5cbb52d6?s=96&d=mm&r=g\",\"contentUrl\":\"https:\\\/\\\/secure.gravatar.com\\\/avatar\\\/8edea065a20d07d283ef9c5595da1859244093fbe2c620eb7cb86d4a5cbb52d6?s=96&d=mm&r=g\",\"caption\":\"Fr\u00e9quence Sill\u00e9\"},\"url\":\"https:\\\/\\\/frequence-sille.org\\\/newsite\\\/author\\\/frequenc\\\/\"}]}<\/script>\n<!-- \/ Yoast SEO plugin. -->","yoast_head_json":{"title":"Les cl\u00e9s pour lutter contre les fakes news - Thomas Huchon - Fr\u00e9quence Sill\u00e9","robots":{"index":"index","follow":"follow","max-snippet":"max-snippet:-1","max-image-preview":"max-image-preview:large","max-video-preview":"max-video-preview:-1"},"canonical":"https:\/\/frequence-sille.org\/newsite\/2025\/06\/06\/les-cles-pour-lutter-contre-les-fakes-news-thomas-huchon\/","og_locale":"fr_FR","og_type":"article","og_title":"Les cl\u00e9s pour lutter contre les fakes news - Thomas Huchon - Fr\u00e9quence Sill\u00e9","og_description":"Nous avons re\u00e7u ce mardi 3 juin \u00e0 la cit\u00e9 scolaire Paul Scarron Thomas Huchon, journaliste d&rsquo;investigation sp\u00e9cialis\u00e9 dans la lutte contre les fakes news et les th\u00e9ories du complots.&hellip;","og_url":"https:\/\/frequence-sille.org\/newsite\/2025\/06\/06\/les-cles-pour-lutter-contre-les-fakes-news-thomas-huchon\/","og_site_name":"Fr\u00e9quence Sill\u00e9","article_publisher":"https:\/\/www.facebook.com\/frequencesille979fm","article_published_time":"2025-06-06T07:56:51+00:00","article_modified_time":"2025-06-06T07:56:55+00:00","og_image":[{"width":1024,"height":512,"url":"https:\/\/frequence-sille.org\/newsite\/wp-content\/uploads\/2025\/06\/Design-sans-titre-2-1024x512.png","type":"image\/png"}],"author":"Fr\u00e9quence Sill\u00e9","twitter_card":"summary_large_image","twitter_creator":"@freqsille979","twitter_site":"@freqsille979","twitter_misc":{"\u00c9crit par":"Fr\u00e9quence Sill\u00e9","Dur\u00e9e de lecture estim\u00e9e":"1 minute"},"schema":{"@context":"https:\/\/schema.org","@graph":[{"@type":"Article","@id":"https:\/\/frequence-sille.org\/newsite\/2025\/06\/06\/les-cles-pour-lutter-contre-les-fakes-news-thomas-huchon\/#article","isPartOf":{"@id":"https:\/\/frequence-sille.org\/newsite\/2025\/06\/06\/les-cles-pour-lutter-contre-les-fakes-news-thomas-huchon\/"},"author":{"name":"Fr\u00e9quence Sill\u00e9","@id":"https:\/\/frequence-sille.org\/newsite\/#\/schema\/person\/b2ef2baba58f9c81a066ca894f156fc5"},"headline":"Les cl\u00e9s pour lutter contre les fakes news &#8211; Thomas Huchon","datePublished":"2025-06-06T07:56:51+00:00","dateModified":"2025-06-06T07:56:55+00:00","mainEntityOfPage":{"@id":"https:\/\/frequence-sille.org\/newsite\/2025\/06\/06\/les-cles-pour-lutter-contre-les-fakes-news-thomas-huchon\/"},"wordCount":127,"publisher":{"@id":"https:\/\/frequence-sille.org\/newsite\/#organization"},"image":{"@id":"https:\/\/frequence-sille.org\/newsite\/2025\/06\/06\/les-cles-pour-lutter-contre-les-fakes-news-thomas-huchon\/#primaryimage"},"thumbnailUrl":"https:\/\/frequence-sille.org\/newsite\/wp-content\/uploads\/2025\/06\/Design-sans-titre-2-scaled.png","articleSection":["Informations g\u00e9n\u00e9rales","Jeunesse"],"inLanguage":"fr-FR"},{"@type":"WebPage","@id":"https:\/\/frequence-sille.org\/newsite\/2025\/06\/06\/les-cles-pour-lutter-contre-les-fakes-news-thomas-huchon\/","url":"https:\/\/frequence-sille.org\/newsite\/2025\/06\/06\/les-cles-pour-lutter-contre-les-fakes-news-thomas-huchon\/","name":"Les cl\u00e9s pour lutter contre les fakes news - Thomas Huchon - Fr\u00e9quence Sill\u00e9","isPartOf":{"@id":"https:\/\/frequence-sille.org\/newsite\/#website"},"primaryImageOfPage":{"@id":"https:\/\/frequence-sille.org\/newsite\/2025\/06\/06\/les-cles-pour-lutter-contre-les-fakes-news-thomas-huchon\/#primaryimage"},"image":{"@id":"https:\/\/frequence-sille.org\/newsite\/2025\/06\/06\/les-cles-pour-lutter-contre-les-fakes-news-thomas-huchon\/#primaryimage"},"thumbnailUrl":"https:\/\/frequence-sille.org\/newsite\/wp-content\/uploads\/2025\/06\/Design-sans-titre-2-scaled.png","datePublished":"2025-06-06T07:56:51+00:00","dateModified":"2025-06-06T07:56:55+00:00","breadcrumb":{"@id":"https:\/\/frequence-sille.org\/newsite\/2025\/06\/06\/les-cles-pour-lutter-contre-les-fakes-news-thomas-huchon\/#breadcrumb"},"inLanguage":"fr-FR","potentialAction":[{"@type":"ReadAction","target":["https:\/\/frequence-sille.org\/newsite\/2025\/06\/06\/les-cles-pour-lutter-contre-les-fakes-news-thomas-huchon\/"]}]},{"@type":"ImageObject","inLanguage":"fr-FR","@id":"https:\/\/frequence-sille.org\/newsite\/2025\/06\/06\/les-cles-pour-lutter-contre-les-fakes-news-thomas-huchon\/#primaryimage","url":"https:\/\/frequence-sille.org\/newsite\/wp-content\/uploads\/2025\/06\/Design-sans-titre-2-scaled.png","contentUrl":"https:\/\/frequence-sille.org\/newsite\/wp-content\/uploads\/2025\/06\/Design-sans-titre-2-scaled.png","width":2560,"height":1280},{"@type":"BreadcrumbList","@id":"https:\/\/frequence-sille.org\/newsite\/2025\/06\/06\/les-cles-pour-lutter-contre-les-fakes-news-thomas-huchon\/#breadcrumb","itemListElement":[{"@type":"ListItem","position":1,"name":"Accueil","item":"https:\/\/frequence-sille.org\/newsite\/"},{"@type":"ListItem","position":2,"name":"Les cl\u00e9s pour lutter contre les fakes news &#8211; Thomas Huchon"}]},{"@type":"WebSite","@id":"https:\/\/frequence-sille.org\/newsite\/#website","url":"https:\/\/frequence-sille.org\/newsite\/","name":"Fr\u00e9quence Sill\u00e9","description":"Bien plus qu&#039;une radio...votre radio !","publisher":{"@id":"https:\/\/frequence-sille.org\/newsite\/#organization"},"potentialAction":[{"@type":"SearchAction","target":{"@type":"EntryPoint","urlTemplate":"https:\/\/frequence-sille.org\/newsite\/?s={search_term_string}"},"query-input":{"@type":"PropertyValueSpecification","valueRequired":true,"valueName":"search_term_string"}}],"inLanguage":"fr-FR"},{"@type":"Organization","@id":"https:\/\/frequence-sille.org\/newsite\/#organization","name":"Fr\u00e9quence Sill\u00e9","url":"https:\/\/frequence-sille.org\/newsite\/","logo":{"@type":"ImageObject","inLanguage":"fr-FR","@id":"https:\/\/frequence-sille.org\/newsite\/#\/schema\/logo\/image\/","url":"https:\/\/frequence-sille.org\/newsite\/wp-content\/uploads\/2023\/07\/LOGO_979_NOIR.png","contentUrl":"https:\/\/frequence-sille.org\/newsite\/wp-content\/uploads\/2023\/07\/LOGO_979_NOIR.png","width":7680,"height":4320,"caption":"Fr\u00e9quence Sill\u00e9"},"image":{"@id":"https:\/\/frequence-sille.org\/newsite\/#\/schema\/logo\/image\/"},"sameAs":["https:\/\/www.facebook.com\/frequencesille979fm","https:\/\/x.com\/freqsille979","https:\/\/www.instagram.com\/frequencesille\/"]},{"@type":"Person","@id":"https:\/\/frequence-sille.org\/newsite\/#\/schema\/person\/b2ef2baba58f9c81a066ca894f156fc5","name":"Fr\u00e9quence Sill\u00e9","image":{"@type":"ImageObject","inLanguage":"fr-FR","@id":"https:\/\/secure.gravatar.com\/avatar\/8edea065a20d07d283ef9c5595da1859244093fbe2c620eb7cb86d4a5cbb52d6?s=96&d=mm&r=g","url":"https:\/\/secure.gravatar.com\/avatar\/8edea065a20d07d283ef9c5595da1859244093fbe2c620eb7cb86d4a5cbb52d6?s=96&d=mm&r=g","contentUrl":"https:\/\/secure.gravatar.com\/avatar\/8edea065a20d07d283ef9c5595da1859244093fbe2c620eb7cb86d4a5cbb52d6?s=96&d=mm&r=g","caption":"Fr\u00e9quence Sill\u00e9"},"url":"https:\/\/frequence-sille.org\/newsite\/author\/frequenc\/"}]}},"_links":{"self":[{"href":"https:\/\/frequence-sille.org\/newsite\/wp-json\/wp\/v2\/posts\/15213","targetHints":{"allow":["GET"]}}],"collection":[{"href":"https:\/\/frequence-sille.org\/newsite\/wp-json\/wp\/v2\/posts"}],"about":[{"href":"https:\/\/frequence-sille.org\/newsite\/wp-json\/wp\/v2\/types\/post"}],"author":[{"embeddable":true,"href":"https:\/\/frequence-sille.org\/newsite\/wp-json\/wp\/v2\/users\/1"}],"replies":[{"embeddable":true,"href":"https:\/\/frequence-sille.org\/newsite\/wp-json\/wp\/v2\/comments?post=15213"}],"version-history":[{"count":2,"href":"https:\/\/frequence-sille.org\/newsite\/wp-json\/wp\/v2\/posts\/15213\/revisions"}],"predecessor-version":[{"id":15217,"href":"https:\/\/frequence-sille.org\/newsite\/wp-json\/wp\/v2\/posts\/15213\/revisions\/15217"}],"wp:featuredmedia":[{"embeddable":true,"href":"https:\/\/frequence-sille.org\/newsite\/wp-json\/wp\/v2\/media\/15218"}],"wp:attachment":[{"href":"https:\/\/frequence-sille.org\/newsite\/wp-json\/wp\/v2\/media?parent=15213"}],"wp:term":[{"taxonomy":"category","embeddable":true,"href":"https:\/\/frequence-sille.org\/newsite\/wp-json\/wp\/v2\/categories?post=15213"},{"taxonomy":"post_tag","embeddable":true,"href":"https:\/\/frequence-sille.org\/newsite\/wp-json\/wp\/v2\/tags?post=15213"}],"curies":[{"name":"wp","href":"https:\/\/api.w.org\/{rel}","templated":true}]}}