{"id":17460,"date":"2026-09-01T13:40:49","date_gmt":"2026-09-01T11:40:49","guid":{"rendered":"https:\/\/frequence-sille.org\/newsite\/?p=17460"},"modified":"2026-09-01T13:40:51","modified_gmt":"2026-09-01T11:40:51","slug":"v-and-b-fest-2026-un-evenement-musical-majeur","status":"publish","type":"post","link":"https:\/\/frequence-sille.org\/newsite\/2026\/09\/01\/v-and-b-fest-2026-un-evenement-musical-majeur\/","title":{"rendered":"V and B Fest 2026 un \u00e9v\u00e9nement musical majeur"},"content":{"rendered":"\n<p class=\"wp-block-paragraph\">Du 20 au 24 aout Ch\u00e2teau-Gontier a vibr\u00e9 des envol\u00e9es musicales de ce qui se pr\u00e9sente maintenant comme un des plus importants festivals en France. Deux fortes particularit\u00e9s&nbsp;: l\u2019\u00e9clectisme et l\u2019ancrage territorial.<\/p>\n\n\n\n<p class=\"wp-block-paragraph\">210 000 festivaliers, soit une progression de 31% par rapport \u00e0 2025. C\u2019est le r\u00e9sultat d\u2019une mobilisation territoriale de 335 partenaires, 3500 b\u00e9n\u00e9voles et d\u2019une offre sur 6 sc\u00e8nes. Des dizaines d\u2019artistes dont Robbie Williams, Moby, Feu-Chatterton, Louane, Airbourne, PLK, Damso, Sex pistols, M Pokora, the Avener, Laura Cox, Superbus, Suzane\u2026.ces quelques noms marquent la diversit\u00e9. Et puis le Tremplin remport\u00e9 par Marcia.<\/p>\n\n\n\n<p class=\"wp-block-paragraph\">Fr\u00e9quence-Sill\u00e9 y \u00e9tait et vous propose de trouver dans sa s\u00e9rie \u00ab&nbsp;Rencontres au V and B Fest&nbsp;\u00bb des \u00e9changes avec des festivaliers et le pr\u00e9sident du festival Erwan Coatanea, des artistes, Marcia, Lena\u00efg, Dear-Dree, Bardix le Gaulois, Laura Cox, Dr Elfa, Zonmai et Alexandre Pipieri de Deezer.<\/p>\n\n\n\n<p class=\"wp-block-paragraph\">Prochaine \u00e9dition&nbsp;: du 19 au 22 aout 2027<\/p>\n\n\n\n<iframe loading=\"lazy\" scrolling=\"no\" style=\"border-radius: 10px;\" id=\"hearthis_at_track_14655152\" width=\"100%\" height=\"150\" src=\"https:\/\/app.hearthis.at\/embed\/14655152\/transparent_black\/?hcolor=&#038;color=&#038;style=2&#038;block_size=2&#038;block_space=1&#038;background=1&#038;waveform=0&#038;cover=0&#038;autoplay=0&#038;css=\" frameborder=\"0\" allowtransparency allow=\"autoplay\"><p>Listen to <a href=\"https:\/\/hearthis.at\/frequence-sille\/1-emission-bilan-public-puis-erwan-coetanea-pad-1700\/\" target=\"_blank\">Bilan public puis avec ERWAN COETANEA &#8211; V and B Fest 2026<\/a> <span>by<\/span><a href=\"https:\/\/hearthis.at\/frequence-sille\/\" target=\"_blank\" >Frequence Sill\u00e9<\/a> <span>on<\/span> <a href=\"https:\/\/hearthis.at\/\" target=\"_blank\">hearthis.at<\/a><\/p><\/iframe>\n\n\n\n<p class=\"wp-block-paragraph\"><\/p>\n\n\n\n<p class=\"wp-block-paragraph\"><strong>Entretiens avec les artistes :<\/strong><\/p>\n\n\n\n<iframe loading=\"lazy\" scrolling=\"no\" style=\"border-radius: 10px;\" id=\"hearthis_at_track_14655160\" width=\"100%\" height=\"150\" src=\"https:\/\/app.hearthis.at\/embed\/14655160\/transparent_black\/?hcolor=&#038;color=&#038;style=2&#038;block_size=2&#038;block_space=1&#038;background=1&#038;waveform=0&#038;cover=0&#038;autoplay=0&#038;css=\" frameborder=\"0\" allowtransparency allow=\"autoplay\"><p>Listen to <a href=\"https:\/\/hearthis.at\/frequence-sille\/2-emission-marcia-et-tremplin-pad-v2\/\" target=\"_blank\">MARCIA &#8211; Laur\u00e9ate Tremplin V and B Fest 2026<\/a> <span>by<\/span><a href=\"https:\/\/hearthis.at\/frequence-sille\/\" target=\"_blank\" >Frequence Sill\u00e9<\/a> <span>on<\/span> <a href=\"https:\/\/hearthis.at\/\" target=\"_blank\">hearthis.at<\/a><\/p><\/iframe>\n\n\n\n<iframe loading=\"lazy\" scrolling=\"no\" style=\"border-radius: 10px;\" id=\"hearthis_at_track_14655147\" width=\"100%\" height=\"150\" src=\"https:\/\/app.hearthis.at\/embed\/14655147\/transparent_black\/?hcolor=&#038;color=&#038;style=2&#038;block_size=2&#038;block_space=1&#038;background=1&#038;waveform=0&#038;cover=0&#038;autoplay=0&#038;css=\" frameborder=\"0\" allowtransparency allow=\"autoplay\"><p>Listen to <a href=\"https:\/\/hearthis.at\/frequence-sille\/3-emission-lenaig-pad-1913\/\" target=\"_blank\">LENAIG &#8211; V and B Fest 2026<\/a> <span>by<\/span><a href=\"https:\/\/hearthis.at\/frequence-sille\/\" target=\"_blank\" >Frequence Sill\u00e9<\/a> <span>on<\/span> <a href=\"https:\/\/hearthis.at\/\" target=\"_blank\">hearthis.at<\/a><\/p><\/iframe>\n\n\n\n<iframe loading=\"lazy\" scrolling=\"no\" style=\"border-radius: 10px;\" id=\"hearthis_at_track_14655133\" width=\"100%\" height=\"150\" src=\"https:\/\/app.hearthis.at\/embed\/14655133\/transparent_black\/?hcolor=&#038;color=&#038;style=2&#038;block_size=2&#038;block_space=1&#038;background=1&#038;waveform=0&#038;cover=0&#038;autoplay=0&#038;css=\" frameborder=\"0\" allowtransparency allow=\"autoplay\"><p>Listen to <a href=\"https:\/\/hearthis.at\/frequence-sille\/4-emission-dear-dree-pad-2552\/\" target=\"_blank\">DEAR DREE &#8211; V and B Fest 2026<\/a> <span>by<\/span><a href=\"https:\/\/hearthis.at\/frequence-sille\/\" target=\"_blank\" >Frequence Sill\u00e9<\/a> <span>on<\/span> <a href=\"https:\/\/hearthis.at\/\" target=\"_blank\">hearthis.at<\/a><\/p><\/iframe>\n\n\n\n<iframe loading=\"lazy\" scrolling=\"no\" style=\"border-radius: 10px;\" id=\"hearthis_at_track_14655158\" width=\"100%\" height=\"150\" src=\"https:\/\/app.hearthis.at\/embed\/14655158\/transparent_black\/?hcolor=&#038;color=&#038;style=2&#038;block_size=2&#038;block_space=1&#038;background=1&#038;waveform=0&#038;cover=0&#038;autoplay=0&#038;css=\" frameborder=\"0\" allowtransparency allow=\"autoplay\"><p>Listen to <a href=\"https:\/\/hearthis.at\/frequence-sille\/5-emission-bardix-pad-2127\/\" target=\"_blank\">BARDIX LE GAULOIS &#8211; V and B Fest 2026<\/a> <span>by<\/span><a href=\"https:\/\/hearthis.at\/frequence-sille\/\" target=\"_blank\" >Frequence Sill\u00e9<\/a> <span>on<\/span> <a href=\"https:\/\/hearthis.at\/\" target=\"_blank\">hearthis.at<\/a><\/p><\/iframe>\n\n\n\n<iframe loading=\"lazy\" scrolling=\"no\" style=\"border-radius: 10px;\" id=\"hearthis_at_track_14655124\" width=\"100%\" height=\"150\" src=\"https:\/\/app.hearthis.at\/embed\/14655124\/transparent_black\/?hcolor=&#038;color=&#038;style=2&#038;block_size=2&#038;block_space=1&#038;background=1&#038;waveform=0&#038;cover=0&#038;autoplay=0&#038;css=\" frameborder=\"0\" allowtransparency allow=\"autoplay\"><p>Listen to <a href=\"https:\/\/hearthis.at\/frequence-sille\/6-emission-laura-cox-pad-1311\/\" target=\"_blank\">LAURA COX &#8211; V and B Fest 2026<\/a> <span>by<\/span><a href=\"https:\/\/hearthis.at\/frequence-sille\/\" target=\"_blank\" >Frequence Sill\u00e9<\/a> <span>on<\/span> <a href=\"https:\/\/hearthis.at\/\" target=\"_blank\">hearthis.at<\/a><\/p><\/iframe>\n\n\n\n<iframe loading=\"lazy\" scrolling=\"no\" style=\"border-radius: 10px;\" id=\"hearthis_at_track_14655150\" width=\"100%\" height=\"150\" src=\"https:\/\/app.hearthis.at\/embed\/14655150\/transparent_black\/?hcolor=&#038;color=&#038;style=2&#038;block_size=2&#038;block_space=1&#038;background=1&#038;waveform=0&#038;cover=0&#038;autoplay=0&#038;css=\" frameborder=\"0\" allowtransparency allow=\"autoplay\"><p>Listen to <a href=\"https:\/\/hearthis.at\/frequence-sille\/7-emission-dr-elfa-pad-2042\/\" target=\"_blank\">DR. ELFA &#8211; V and B Fest 2026<\/a> <span>by<\/span><a href=\"https:\/\/hearthis.at\/frequence-sille\/\" target=\"_blank\" >Frequence Sill\u00e9<\/a> <span>on<\/span> <a href=\"https:\/\/hearthis.at\/\" target=\"_blank\">hearthis.at<\/a><\/p><\/iframe>\n\n\n\n<iframe loading=\"lazy\" scrolling=\"no\" style=\"border-radius: 10px;\" id=\"hearthis_at_track_14655159\" width=\"100%\" height=\"150\" src=\"https:\/\/app.hearthis.at\/embed\/14655159\/transparent_black\/?hcolor=&#038;color=&#038;style=2&#038;block_size=2&#038;block_space=1&#038;background=1&#038;waveform=0&#038;cover=0&#038;autoplay=0&#038;css=\" frameborder=\"0\" allowtransparency allow=\"autoplay\"><p>Listen to <a href=\"https:\/\/hearthis.at\/frequence-sille\/8-emission-zonmai-pad-1930\/\" target=\"_blank\">ZONMAI &#8211; V and B Fest 2026<\/a> <span>by<\/span><a href=\"https:\/\/hearthis.at\/frequence-sille\/\" target=\"_blank\" >Frequence Sill\u00e9<\/a> <span>on<\/span> <a href=\"https:\/\/hearthis.at\/\" target=\"_blank\">hearthis.at<\/a><\/p><\/iframe>\n\n\n\n<p class=\"wp-block-paragraph\"><\/p>\n\n\n\n<p class=\"wp-block-paragraph\">Nous avons \u00e9galement rencontr\u00e9 le repr\u00e9sentant de Deezer dans le jury du tremplin :<\/p>\n\n\n\n<iframe loading=\"lazy\" scrolling=\"no\" style=\"border-radius: 10px;\" id=\"hearthis_at_track_14655165\" width=\"100%\" height=\"150\" src=\"https:\/\/app.hearthis.at\/embed\/14655165\/transparent_black\/?hcolor=&#038;color=&#038;style=2&#038;block_size=2&#038;block_space=1&#038;background=1&#038;waveform=0&#038;cover=0&#038;autoplay=0&#038;css=\" frameborder=\"0\" allowtransparency allow=\"autoplay\"><p>Listen to <a href=\"https:\/\/hearthis.at\/frequence-sille\/9-emission-alexandre-pipieri-pad1238\/\" target=\"_blank\">ALEXANDRE PIPIERI &#8211; DEEZER &#8211; V and B Fest 2026<\/a> <span>by<\/span><a href=\"https:\/\/hearthis.at\/frequence-sille\/\" target=\"_blank\" >Frequence Sill\u00e9<\/a> <span>on<\/span> <a href=\"https:\/\/hearthis.at\/\" target=\"_blank\">hearthis.at<\/a><\/p><\/iframe>\n\n\n\n<figure class=\"wp-block-gallery has-nested-images columns-default is-cropped wp-block-gallery-1 is-layout-flex wp-block-gallery-is-layout-flex\">\n<figure class=\"wp-block-image size-large\"><img loading=\"lazy\" decoding=\"async\" width=\"1024\" height=\"577\" data-id=\"17496\" src=\"https:\/\/frequence-sille.org\/newsite\/wp-content\/uploads\/2026\/09\/I-Alexandre-Pipieri-deezer-1024x577.jpg\" alt=\"\" class=\"wp-image-17496\" srcset=\"https:\/\/frequence-sille.org\/newsite\/wp-content\/uploads\/2026\/09\/I-Alexandre-Pipieri-deezer-1024x577.jpg 1024w, https:\/\/frequence-sille.org\/newsite\/wp-content\/uploads\/2026\/09\/I-Alexandre-Pipieri-deezer-300x169.jpg 300w, https:\/\/frequence-sille.org\/newsite\/wp-content\/uploads\/2026\/09\/I-Alexandre-Pipieri-deezer-768x432.jpg 768w, https:\/\/frequence-sille.org\/newsite\/wp-content\/uploads\/2026\/09\/I-Alexandre-Pipieri-deezer-1536x865.jpg 1536w, https:\/\/frequence-sille.org\/newsite\/wp-content\/uploads\/2026\/09\/I-Alexandre-Pipieri-deezer-2048x1153.jpg 2048w\" sizes=\"auto, (max-width: 1024px) 100vw, 1024px\" \/><\/figure>\n\n\n\n<figure class=\"wp-block-image size-large\"><img loading=\"lazy\" decoding=\"async\" width=\"1024\" height=\"577\" data-id=\"17495\" src=\"https:\/\/frequence-sille.org\/newsite\/wp-content\/uploads\/2026\/09\/H-Zonmai-AVEC-artistes-du-tremplin-2eme-gauche-1024x577.jpg\" alt=\"\" class=\"wp-image-17495\" srcset=\"https:\/\/frequence-sille.org\/newsite\/wp-content\/uploads\/2026\/09\/H-Zonmai-AVEC-artistes-du-tremplin-2eme-gauche-1024x577.jpg 1024w, https:\/\/frequence-sille.org\/newsite\/wp-content\/uploads\/2026\/09\/H-Zonmai-AVEC-artistes-du-tremplin-2eme-gauche-300x169.jpg 300w, https:\/\/frequence-sille.org\/newsite\/wp-content\/uploads\/2026\/09\/H-Zonmai-AVEC-artistes-du-tremplin-2eme-gauche-768x432.jpg 768w, https:\/\/frequence-sille.org\/newsite\/wp-content\/uploads\/2026\/09\/H-Zonmai-AVEC-artistes-du-tremplin-2eme-gauche-1536x865.jpg 1536w, https:\/\/frequence-sille.org\/newsite\/wp-content\/uploads\/2026\/09\/H-Zonmai-AVEC-artistes-du-tremplin-2eme-gauche-2048x1153.jpg 2048w\" sizes=\"auto, (max-width: 1024px) 100vw, 1024px\" \/><\/figure>\n\n\n\n<figure class=\"wp-block-image size-large\"><img loading=\"lazy\" decoding=\"async\" width=\"1024\" height=\"577\" data-id=\"17494\" src=\"https:\/\/frequence-sille.org\/newsite\/wp-content\/uploads\/2026\/09\/G-Dr-Elfa-terminal-1024x577.jpg\" alt=\"\" class=\"wp-image-17494\" srcset=\"https:\/\/frequence-sille.org\/newsite\/wp-content\/uploads\/2026\/09\/G-Dr-Elfa-terminal-1024x577.jpg 1024w, https:\/\/frequence-sille.org\/newsite\/wp-content\/uploads\/2026\/09\/G-Dr-Elfa-terminal-300x169.jpg 300w, https:\/\/frequence-sille.org\/newsite\/wp-content\/uploads\/2026\/09\/G-Dr-Elfa-terminal-768x432.jpg 768w, https:\/\/frequence-sille.org\/newsite\/wp-content\/uploads\/2026\/09\/G-Dr-Elfa-terminal-1536x865.jpg 1536w, https:\/\/frequence-sille.org\/newsite\/wp-content\/uploads\/2026\/09\/G-Dr-Elfa-terminal-2048x1153.jpg 2048w\" sizes=\"auto, (max-width: 1024px) 100vw, 1024px\" \/><\/figure>\n\n\n\n<figure class=\"wp-block-image size-large\"><img loading=\"lazy\" decoding=\"async\" width=\"1024\" height=\"577\" data-id=\"17493\" src=\"https:\/\/frequence-sille.org\/newsite\/wp-content\/uploads\/2026\/09\/G-dr-elfa-espace-presse-1024x577.jpg\" alt=\"\" class=\"wp-image-17493\" srcset=\"https:\/\/frequence-sille.org\/newsite\/wp-content\/uploads\/2026\/09\/G-dr-elfa-espace-presse-1024x577.jpg 1024w, https:\/\/frequence-sille.org\/newsite\/wp-content\/uploads\/2026\/09\/G-dr-elfa-espace-presse-300x169.jpg 300w, https:\/\/frequence-sille.org\/newsite\/wp-content\/uploads\/2026\/09\/G-dr-elfa-espace-presse-768x432.jpg 768w, https:\/\/frequence-sille.org\/newsite\/wp-content\/uploads\/2026\/09\/G-dr-elfa-espace-presse-1536x865.jpg 1536w, https:\/\/frequence-sille.org\/newsite\/wp-content\/uploads\/2026\/09\/G-dr-elfa-espace-presse-2048x1153.jpg 2048w\" sizes=\"auto, (max-width: 1024px) 100vw, 1024px\" \/><\/figure>\n\n\n\n<figure class=\"wp-block-image size-large\"><img loading=\"lazy\" decoding=\"async\" width=\"1024\" height=\"577\" data-id=\"17492\" src=\"https:\/\/frequence-sille.org\/newsite\/wp-content\/uploads\/2026\/09\/F-Laura-cox-1024x577.jpg\" alt=\"\" class=\"wp-image-17492\" srcset=\"https:\/\/frequence-sille.org\/newsite\/wp-content\/uploads\/2026\/09\/F-Laura-cox-1024x577.jpg 1024w, https:\/\/frequence-sille.org\/newsite\/wp-content\/uploads\/2026\/09\/F-Laura-cox-300x169.jpg 300w, https:\/\/frequence-sille.org\/newsite\/wp-content\/uploads\/2026\/09\/F-Laura-cox-768x432.jpg 768w, https:\/\/frequence-sille.org\/newsite\/wp-content\/uploads\/2026\/09\/F-Laura-cox-1536x865.jpg 1536w, https:\/\/frequence-sille.org\/newsite\/wp-content\/uploads\/2026\/09\/F-Laura-cox-2048x1153.jpg 2048w\" sizes=\"auto, (max-width: 1024px) 100vw, 1024px\" \/><\/figure>\n\n\n\n<figure class=\"wp-block-image size-large\"><img loading=\"lazy\" decoding=\"async\" width=\"1024\" height=\"577\" data-id=\"17491\" src=\"https:\/\/frequence-sille.org\/newsite\/wp-content\/uploads\/2026\/09\/F-concert-Laura-Cox-1024x577.jpg\" alt=\"\" class=\"wp-image-17491\" srcset=\"https:\/\/frequence-sille.org\/newsite\/wp-content\/uploads\/2026\/09\/F-concert-Laura-Cox-1024x577.jpg 1024w, https:\/\/frequence-sille.org\/newsite\/wp-content\/uploads\/2026\/09\/F-concert-Laura-Cox-300x169.jpg 300w, https:\/\/frequence-sille.org\/newsite\/wp-content\/uploads\/2026\/09\/F-concert-Laura-Cox-768x432.jpg 768w, https:\/\/frequence-sille.org\/newsite\/wp-content\/uploads\/2026\/09\/F-concert-Laura-Cox-1536x865.jpg 1536w, https:\/\/frequence-sille.org\/newsite\/wp-content\/uploads\/2026\/09\/F-concert-Laura-Cox-2048x1153.jpg 2048w\" sizes=\"auto, (max-width: 1024px) 100vw, 1024px\" \/><\/figure>\n\n\n\n<figure class=\"wp-block-image size-large\"><img loading=\"lazy\" decoding=\"async\" width=\"1024\" height=\"690\" data-id=\"17490\" src=\"https:\/\/frequence-sille.org\/newsite\/wp-content\/uploads\/2026\/09\/E-avec-Bardix-le-Gaulois-1024x690.jpg\" alt=\"\" class=\"wp-image-17490\" srcset=\"https:\/\/frequence-sille.org\/newsite\/wp-content\/uploads\/2026\/09\/E-avec-Bardix-le-Gaulois-1024x690.jpg 1024w, https:\/\/frequence-sille.org\/newsite\/wp-content\/uploads\/2026\/09\/E-avec-Bardix-le-Gaulois-300x202.jpg 300w, https:\/\/frequence-sille.org\/newsite\/wp-content\/uploads\/2026\/09\/E-avec-Bardix-le-Gaulois-768x517.jpg 768w, https:\/\/frequence-sille.org\/newsite\/wp-content\/uploads\/2026\/09\/E-avec-Bardix-le-Gaulois-1536x1035.jpg 1536w, https:\/\/frequence-sille.org\/newsite\/wp-content\/uploads\/2026\/09\/E-avec-Bardix-le-Gaulois-2048x1380.jpg 2048w\" sizes=\"auto, (max-width: 1024px) 100vw, 1024px\" \/><\/figure>\n\n\n\n<figure class=\"wp-block-image size-large\"><img loading=\"lazy\" decoding=\"async\" width=\"1024\" height=\"577\" data-id=\"17489\" src=\"https:\/\/frequence-sille.org\/newsite\/wp-content\/uploads\/2026\/09\/D-public-dear-dree-1024x577.jpg\" alt=\"\" class=\"wp-image-17489\" srcset=\"https:\/\/frequence-sille.org\/newsite\/wp-content\/uploads\/2026\/09\/D-public-dear-dree-1024x577.jpg 1024w, https:\/\/frequence-sille.org\/newsite\/wp-content\/uploads\/2026\/09\/D-public-dear-dree-300x169.jpg 300w, https:\/\/frequence-sille.org\/newsite\/wp-content\/uploads\/2026\/09\/D-public-dear-dree-768x432.jpg 768w, https:\/\/frequence-sille.org\/newsite\/wp-content\/uploads\/2026\/09\/D-public-dear-dree-1536x865.jpg 1536w, https:\/\/frequence-sille.org\/newsite\/wp-content\/uploads\/2026\/09\/D-public-dear-dree-2048x1153.jpg 2048w\" sizes=\"auto, (max-width: 1024px) 100vw, 1024px\" \/><\/figure>\n\n\n\n<figure class=\"wp-block-image size-large\"><img loading=\"lazy\" decoding=\"async\" width=\"1024\" height=\"577\" data-id=\"17488\" src=\"https:\/\/frequence-sille.org\/newsite\/wp-content\/uploads\/2026\/09\/D-dear-dree-sur-scene-1024x577.jpg\" alt=\"\" class=\"wp-image-17488\" srcset=\"https:\/\/frequence-sille.org\/newsite\/wp-content\/uploads\/2026\/09\/D-dear-dree-sur-scene-1024x577.jpg 1024w, https:\/\/frequence-sille.org\/newsite\/wp-content\/uploads\/2026\/09\/D-dear-dree-sur-scene-300x169.jpg 300w, https:\/\/frequence-sille.org\/newsite\/wp-content\/uploads\/2026\/09\/D-dear-dree-sur-scene-768x432.jpg 768w, https:\/\/frequence-sille.org\/newsite\/wp-content\/uploads\/2026\/09\/D-dear-dree-sur-scene-1536x865.jpg 1536w, https:\/\/frequence-sille.org\/newsite\/wp-content\/uploads\/2026\/09\/D-dear-dree-sur-scene-2048x1153.jpg 2048w\" sizes=\"auto, (max-width: 1024px) 100vw, 1024px\" \/><\/figure>\n\n\n\n<figure class=\"wp-block-image size-large\"><img loading=\"lazy\" decoding=\"async\" width=\"577\" height=\"1024\" data-id=\"17487\" src=\"https:\/\/frequence-sille.org\/newsite\/wp-content\/uploads\/2026\/09\/D-dear-dree-scene-large-577x1024.jpg\" alt=\"\" class=\"wp-image-17487\" srcset=\"https:\/\/frequence-sille.org\/newsite\/wp-content\/uploads\/2026\/09\/D-dear-dree-scene-large-577x1024.jpg 577w, https:\/\/frequence-sille.org\/newsite\/wp-content\/uploads\/2026\/09\/D-dear-dree-scene-large-169x300.jpg 169w, https:\/\/frequence-sille.org\/newsite\/wp-content\/uploads\/2026\/09\/D-dear-dree-scene-large-768x1364.jpg 768w, https:\/\/frequence-sille.org\/newsite\/wp-content\/uploads\/2026\/09\/D-dear-dree-scene-large-865x1536.jpg 865w, https:\/\/frequence-sille.org\/newsite\/wp-content\/uploads\/2026\/09\/D-dear-dree-scene-large-1153x2048.jpg 1153w, https:\/\/frequence-sille.org\/newsite\/wp-content\/uploads\/2026\/09\/D-dear-dree-scene-large-scaled.jpg 1441w\" sizes=\"auto, (max-width: 577px) 100vw, 577px\" \/><\/figure>\n\n\n\n<figure class=\"wp-block-image size-large\"><img loading=\"lazy\" decoding=\"async\" width=\"1024\" height=\"577\" data-id=\"17486\" src=\"https:\/\/frequence-sille.org\/newsite\/wp-content\/uploads\/2026\/09\/C-lenaig-scene-1024x577.jpg\" alt=\"\" class=\"wp-image-17486\" srcset=\"https:\/\/frequence-sille.org\/newsite\/wp-content\/uploads\/2026\/09\/C-lenaig-scene-1024x577.jpg 1024w, https:\/\/frequence-sille.org\/newsite\/wp-content\/uploads\/2026\/09\/C-lenaig-scene-300x169.jpg 300w, https:\/\/frequence-sille.org\/newsite\/wp-content\/uploads\/2026\/09\/C-lenaig-scene-768x432.jpg 768w, https:\/\/frequence-sille.org\/newsite\/wp-content\/uploads\/2026\/09\/C-lenaig-scene-1536x865.jpg 1536w, https:\/\/frequence-sille.org\/newsite\/wp-content\/uploads\/2026\/09\/C-lenaig-scene-2048x1153.jpg 2048w\" sizes=\"auto, (max-width: 1024px) 100vw, 1024px\" \/><\/figure>\n\n\n\n<figure class=\"wp-block-image size-large\"><img loading=\"lazy\" decoding=\"async\" width=\"1024\" height=\"638\" data-id=\"17485\" src=\"https:\/\/frequence-sille.org\/newsite\/wp-content\/uploads\/2026\/09\/C-lenaig-scene-public-1024x638.jpg\" alt=\"\" class=\"wp-image-17485\" srcset=\"https:\/\/frequence-sille.org\/newsite\/wp-content\/uploads\/2026\/09\/C-lenaig-scene-public-1024x638.jpg 1024w, https:\/\/frequence-sille.org\/newsite\/wp-content\/uploads\/2026\/09\/C-lenaig-scene-public-300x187.jpg 300w, https:\/\/frequence-sille.org\/newsite\/wp-content\/uploads\/2026\/09\/C-lenaig-scene-public-768x479.jpg 768w, https:\/\/frequence-sille.org\/newsite\/wp-content\/uploads\/2026\/09\/C-lenaig-scene-public-1536x958.jpg 1536w, https:\/\/frequence-sille.org\/newsite\/wp-content\/uploads\/2026\/09\/C-lenaig-scene-public-2048x1277.jpg 2048w\" sizes=\"auto, (max-width: 1024px) 100vw, 1024px\" \/><\/figure>\n\n\n\n<figure class=\"wp-block-image size-large\"><img loading=\"lazy\" decoding=\"async\" width=\"577\" height=\"1024\" data-id=\"17484\" src=\"https:\/\/frequence-sille.org\/newsite\/wp-content\/uploads\/2026\/09\/C-lenaig-espace-presse-577x1024.jpg\" alt=\"\" class=\"wp-image-17484\" srcset=\"https:\/\/frequence-sille.org\/newsite\/wp-content\/uploads\/2026\/09\/C-lenaig-espace-presse-577x1024.jpg 577w, https:\/\/frequence-sille.org\/newsite\/wp-content\/uploads\/2026\/09\/C-lenaig-espace-presse-169x300.jpg 169w, https:\/\/frequence-sille.org\/newsite\/wp-content\/uploads\/2026\/09\/C-lenaig-espace-presse-768x1364.jpg 768w, https:\/\/frequence-sille.org\/newsite\/wp-content\/uploads\/2026\/09\/C-lenaig-espace-presse-865x1536.jpg 865w, https:\/\/frequence-sille.org\/newsite\/wp-content\/uploads\/2026\/09\/C-lenaig-espace-presse-1153x2048.jpg 1153w, https:\/\/frequence-sille.org\/newsite\/wp-content\/uploads\/2026\/09\/C-lenaig-espace-presse-scaled.jpg 1441w\" sizes=\"auto, (max-width: 577px) 100vw, 577px\" \/><\/figure>\n\n\n\n<figure class=\"wp-block-image size-large\"><img loading=\"lazy\" decoding=\"async\" width=\"1024\" height=\"688\" data-id=\"17483\" src=\"https:\/\/frequence-sille.org\/newsite\/wp-content\/uploads\/2026\/09\/C-enaig-plan-serre-1024x688.jpg\" alt=\"\" class=\"wp-image-17483\" srcset=\"https:\/\/frequence-sille.org\/newsite\/wp-content\/uploads\/2026\/09\/C-enaig-plan-serre-1024x688.jpg 1024w, https:\/\/frequence-sille.org\/newsite\/wp-content\/uploads\/2026\/09\/C-enaig-plan-serre-300x202.jpg 300w, https:\/\/frequence-sille.org\/newsite\/wp-content\/uploads\/2026\/09\/C-enaig-plan-serre-768x516.jpg 768w, https:\/\/frequence-sille.org\/newsite\/wp-content\/uploads\/2026\/09\/C-enaig-plan-serre-1536x1032.jpg 1536w, https:\/\/frequence-sille.org\/newsite\/wp-content\/uploads\/2026\/09\/C-enaig-plan-serre.jpg 1630w\" sizes=\"auto, (max-width: 1024px) 100vw, 1024px\" \/><\/figure>\n\n\n\n<figure class=\"wp-block-image size-large\"><img loading=\"lazy\" decoding=\"async\" width=\"1024\" height=\"577\" data-id=\"17482\" src=\"https:\/\/frequence-sille.org\/newsite\/wp-content\/uploads\/2026\/09\/B-marcia-sur-scene-1024x577.jpg\" alt=\"\" class=\"wp-image-17482\" srcset=\"https:\/\/frequence-sille.org\/newsite\/wp-content\/uploads\/2026\/09\/B-marcia-sur-scene-1024x577.jpg 1024w, https:\/\/frequence-sille.org\/newsite\/wp-content\/uploads\/2026\/09\/B-marcia-sur-scene-300x169.jpg 300w, https:\/\/frequence-sille.org\/newsite\/wp-content\/uploads\/2026\/09\/B-marcia-sur-scene-768x432.jpg 768w, https:\/\/frequence-sille.org\/newsite\/wp-content\/uploads\/2026\/09\/B-marcia-sur-scene-1536x865.jpg 1536w, https:\/\/frequence-sille.org\/newsite\/wp-content\/uploads\/2026\/09\/B-marcia-sur-scene-2048x1153.jpg 2048w\" sizes=\"auto, (max-width: 1024px) 100vw, 1024px\" \/><\/figure>\n\n\n\n<figure class=\"wp-block-image size-large\"><img loading=\"lazy\" decoding=\"async\" width=\"1024\" height=\"577\" data-id=\"17481\" src=\"https:\/\/frequence-sille.org\/newsite\/wp-content\/uploads\/2026\/09\/B-marcia-sur-scene-2-1024x577.jpg\" alt=\"\" class=\"wp-image-17481\" srcset=\"https:\/\/frequence-sille.org\/newsite\/wp-content\/uploads\/2026\/09\/B-marcia-sur-scene-2-1024x577.jpg 1024w, https:\/\/frequence-sille.org\/newsite\/wp-content\/uploads\/2026\/09\/B-marcia-sur-scene-2-300x169.jpg 300w, https:\/\/frequence-sille.org\/newsite\/wp-content\/uploads\/2026\/09\/B-marcia-sur-scene-2-768x432.jpg 768w, https:\/\/frequence-sille.org\/newsite\/wp-content\/uploads\/2026\/09\/B-marcia-sur-scene-2-1536x865.jpg 1536w, https:\/\/frequence-sille.org\/newsite\/wp-content\/uploads\/2026\/09\/B-marcia-sur-scene-2-2048x1153.jpg 2048w\" sizes=\"auto, (max-width: 1024px) 100vw, 1024px\" \/><\/figure>\n\n\n\n<figure class=\"wp-block-image size-large\"><img loading=\"lazy\" decoding=\"async\" width=\"1024\" height=\"577\" data-id=\"17480\" src=\"https:\/\/frequence-sille.org\/newsite\/wp-content\/uploads\/2026\/09\/B-marcia-remise-prix-tremplin-1024x577.jpg\" alt=\"\" class=\"wp-image-17480\" srcset=\"https:\/\/frequence-sille.org\/newsite\/wp-content\/uploads\/2026\/09\/B-marcia-remise-prix-tremplin-1024x577.jpg 1024w, https:\/\/frequence-sille.org\/newsite\/wp-content\/uploads\/2026\/09\/B-marcia-remise-prix-tremplin-300x169.jpg 300w, https:\/\/frequence-sille.org\/newsite\/wp-content\/uploads\/2026\/09\/B-marcia-remise-prix-tremplin-768x432.jpg 768w, https:\/\/frequence-sille.org\/newsite\/wp-content\/uploads\/2026\/09\/B-marcia-remise-prix-tremplin-1536x865.jpg 1536w, https:\/\/frequence-sille.org\/newsite\/wp-content\/uploads\/2026\/09\/B-marcia-remise-prix-tremplin-2048x1153.jpg 2048w\" sizes=\"auto, (max-width: 1024px) 100vw, 1024px\" \/><\/figure>\n\n\n\n<figure class=\"wp-block-image size-large\"><img loading=\"lazy\" decoding=\"async\" width=\"1024\" height=\"641\" data-id=\"17479\" src=\"https:\/\/frequence-sille.org\/newsite\/wp-content\/uploads\/2026\/09\/B-marcia-avec-eric-1024x641.jpg\" alt=\"\" class=\"wp-image-17479\" srcset=\"https:\/\/frequence-sille.org\/newsite\/wp-content\/uploads\/2026\/09\/B-marcia-avec-eric-1024x641.jpg 1024w, https:\/\/frequence-sille.org\/newsite\/wp-content\/uploads\/2026\/09\/B-marcia-avec-eric-300x188.jpg 300w, https:\/\/frequence-sille.org\/newsite\/wp-content\/uploads\/2026\/09\/B-marcia-avec-eric-768x481.jpg 768w, https:\/\/frequence-sille.org\/newsite\/wp-content\/uploads\/2026\/09\/B-marcia-avec-eric-1536x962.jpg 1536w, https:\/\/frequence-sille.org\/newsite\/wp-content\/uploads\/2026\/09\/B-marcia-avec-eric-2048x1283.jpg 2048w\" sizes=\"auto, (max-width: 1024px) 100vw, 1024px\" \/><\/figure>\n\n\n\n<figure class=\"wp-block-image size-large\"><img loading=\"lazy\" decoding=\"async\" width=\"577\" height=\"1024\" data-id=\"17478\" src=\"https:\/\/frequence-sille.org\/newsite\/wp-content\/uploads\/2026\/09\/A-totem-programme-577x1024.jpg\" alt=\"\" class=\"wp-image-17478\" srcset=\"https:\/\/frequence-sille.org\/newsite\/wp-content\/uploads\/2026\/09\/A-totem-programme-577x1024.jpg 577w, https:\/\/frequence-sille.org\/newsite\/wp-content\/uploads\/2026\/09\/A-totem-programme-169x300.jpg 169w, https:\/\/frequence-sille.org\/newsite\/wp-content\/uploads\/2026\/09\/A-totem-programme-768x1364.jpg 768w, https:\/\/frequence-sille.org\/newsite\/wp-content\/uploads\/2026\/09\/A-totem-programme-865x1536.jpg 865w, https:\/\/frequence-sille.org\/newsite\/wp-content\/uploads\/2026\/09\/A-totem-programme-1153x2048.jpg 1153w, https:\/\/frequence-sille.org\/newsite\/wp-content\/uploads\/2026\/09\/A-totem-programme-scaled.jpg 1441w\" sizes=\"auto, (max-width: 577px) 100vw, 577px\" \/><\/figure>\n\n\n\n<figure class=\"wp-block-image size-large\"><img loading=\"lazy\" decoding=\"async\" width=\"1024\" height=\"577\" data-id=\"17477\" src=\"https:\/\/frequence-sille.org\/newsite\/wp-content\/uploads\/2026\/09\/A-public-robbie-william-1024x577.jpg\" alt=\"\" class=\"wp-image-17477\" srcset=\"https:\/\/frequence-sille.org\/newsite\/wp-content\/uploads\/2026\/09\/A-public-robbie-william-1024x577.jpg 1024w, https:\/\/frequence-sille.org\/newsite\/wp-content\/uploads\/2026\/09\/A-public-robbie-william-300x169.jpg 300w, https:\/\/frequence-sille.org\/newsite\/wp-content\/uploads\/2026\/09\/A-public-robbie-william-768x432.jpg 768w, https:\/\/frequence-sille.org\/newsite\/wp-content\/uploads\/2026\/09\/A-public-robbie-william-1536x865.jpg 1536w, https:\/\/frequence-sille.org\/newsite\/wp-content\/uploads\/2026\/09\/A-public-robbie-william-2048x1153.jpg 2048w\" sizes=\"auto, (max-width: 1024px) 100vw, 1024px\" \/><\/figure>\n\n\n\n<figure class=\"wp-block-image size-large\"><img loading=\"lazy\" decoding=\"async\" width=\"1024\" height=\"577\" data-id=\"17476\" src=\"https:\/\/frequence-sille.org\/newsite\/wp-content\/uploads\/2026\/09\/A-public-Moby-1024x577.jpg\" alt=\"\" class=\"wp-image-17476\" srcset=\"https:\/\/frequence-sille.org\/newsite\/wp-content\/uploads\/2026\/09\/A-public-Moby-1024x577.jpg 1024w, https:\/\/frequence-sille.org\/newsite\/wp-content\/uploads\/2026\/09\/A-public-Moby-300x169.jpg 300w, https:\/\/frequence-sille.org\/newsite\/wp-content\/uploads\/2026\/09\/A-public-Moby-768x432.jpg 768w, https:\/\/frequence-sille.org\/newsite\/wp-content\/uploads\/2026\/09\/A-public-Moby-1536x865.jpg 1536w, https:\/\/frequence-sille.org\/newsite\/wp-content\/uploads\/2026\/09\/A-public-Moby-2048x1153.jpg 2048w\" sizes=\"auto, (max-width: 1024px) 100vw, 1024px\" \/><\/figure>\n\n\n\n<figure class=\"wp-block-image size-large\"><img loading=\"lazy\" decoding=\"async\" width=\"1024\" height=\"577\" data-id=\"17475\" src=\"https:\/\/frequence-sille.org\/newsite\/wp-content\/uploads\/2026\/09\/A-PUBLIC-m-pokora-1024x577.jpg\" alt=\"\" class=\"wp-image-17475\" srcset=\"https:\/\/frequence-sille.org\/newsite\/wp-content\/uploads\/2026\/09\/A-PUBLIC-m-pokora-1024x577.jpg 1024w, https:\/\/frequence-sille.org\/newsite\/wp-content\/uploads\/2026\/09\/A-PUBLIC-m-pokora-300x169.jpg 300w, https:\/\/frequence-sille.org\/newsite\/wp-content\/uploads\/2026\/09\/A-PUBLIC-m-pokora-768x432.jpg 768w, https:\/\/frequence-sille.org\/newsite\/wp-content\/uploads\/2026\/09\/A-PUBLIC-m-pokora-1536x865.jpg 1536w, https:\/\/frequence-sille.org\/newsite\/wp-content\/uploads\/2026\/09\/A-PUBLIC-m-pokora-2048x1153.jpg 2048w\" sizes=\"auto, (max-width: 1024px) 100vw, 1024px\" \/><\/figure>\n\n\n\n<figure class=\"wp-block-image size-large\"><img loading=\"lazy\" decoding=\"async\" width=\"1024\" height=\"577\" data-id=\"17474\" src=\"https:\/\/frequence-sille.org\/newsite\/wp-content\/uploads\/2026\/09\/A-erwan-coetana-1024x577.jpg\" alt=\"\" class=\"wp-image-17474\" srcset=\"https:\/\/frequence-sille.org\/newsite\/wp-content\/uploads\/2026\/09\/A-erwan-coetana-1024x577.jpg 1024w, https:\/\/frequence-sille.org\/newsite\/wp-content\/uploads\/2026\/09\/A-erwan-coetana-300x169.jpg 300w, https:\/\/frequence-sille.org\/newsite\/wp-content\/uploads\/2026\/09\/A-erwan-coetana-768x432.jpg 768w, https:\/\/frequence-sille.org\/newsite\/wp-content\/uploads\/2026\/09\/A-erwan-coetana-1536x865.jpg 1536w, https:\/\/frequence-sille.org\/newsite\/wp-content\/uploads\/2026\/09\/A-erwan-coetana-2048x1153.jpg 2048w\" sizes=\"auto, (max-width: 1024px) 100vw, 1024px\" \/><\/figure>\n\n\n\n<figure class=\"wp-block-image size-large\"><img loading=\"lazy\" decoding=\"async\" width=\"1024\" height=\"633\" data-id=\"17473\" src=\"https:\/\/frequence-sille.org\/newsite\/wp-content\/uploads\/2026\/09\/A-damien-Jahier-et-Erwan-Coatanea-1024x633.jpg\" alt=\"\" class=\"wp-image-17473\" srcset=\"https:\/\/frequence-sille.org\/newsite\/wp-content\/uploads\/2026\/09\/A-damien-Jahier-et-Erwan-Coatanea-1024x633.jpg 1024w, https:\/\/frequence-sille.org\/newsite\/wp-content\/uploads\/2026\/09\/A-damien-Jahier-et-Erwan-Coatanea-300x186.jpg 300w, https:\/\/frequence-sille.org\/newsite\/wp-content\/uploads\/2026\/09\/A-damien-Jahier-et-Erwan-Coatanea-768x475.jpg 768w, https:\/\/frequence-sille.org\/newsite\/wp-content\/uploads\/2026\/09\/A-damien-Jahier-et-Erwan-Coatanea-1536x950.jpg 1536w, https:\/\/frequence-sille.org\/newsite\/wp-content\/uploads\/2026\/09\/A-damien-Jahier-et-Erwan-Coatanea-2048x1267.jpg 2048w, https:\/\/frequence-sille.org\/newsite\/wp-content\/uploads\/2026\/09\/A-damien-Jahier-et-Erwan-Coatanea-260x160.jpg 260w\" sizes=\"auto, (max-width: 1024px) 100vw, 1024px\" \/><\/figure>\n<\/figure>\n","protected":false},"excerpt":{"rendered":"<p>Du 20 au 24 aout Ch\u00e2teau-Gontier a vibr\u00e9 des envol\u00e9es musicales de ce qui se pr\u00e9sente maintenant comme un des plus importants festivals en France. Deux fortes particularit\u00e9s&nbsp;: l\u2019\u00e9clectisme et&hellip;<\/p>\n","protected":false},"author":1,"featured_media":17463,"comment_status":"closed","ping_status":"open","sticky":false,"template":"","format":"standard","meta":{"footnotes":""},"categories":[92,11],"tags":[],"class_list":["post-17460","post","type-post","status-publish","format-standard","has-post-thumbnail","hentry","category-divertissement","category-evenements"],"yoast_head":"<!-- This site is optimized with the Yoast SEO plugin v28.4 - https:\/\/yoast.com\/product\/yoast-seo-wordpress\/ -->\n<title>V and B Fest 2026 un \u00e9v\u00e9nement musical majeur - Fr\u00e9quence Sill\u00e9<\/title>\n<meta name=\"robots\" content=\"index, follow, max-snippet:-1, max-image-preview:large, max-video-preview:-1\" \/>\n<link rel=\"canonical\" href=\"https:\/\/frequence-sille.org\/newsite\/2026\/09\/01\/v-and-b-fest-2026-un-evenement-musical-majeur\/\" \/>\n<meta property=\"og:locale\" content=\"fr_FR\" \/>\n<meta property=\"og:type\" content=\"article\" \/>\n<meta property=\"og:title\" content=\"V and B Fest 2026 un \u00e9v\u00e9nement musical majeur - Fr\u00e9quence Sill\u00e9\" \/>\n<meta property=\"og:description\" content=\"Du 20 au 24 aout Ch\u00e2teau-Gontier a vibr\u00e9 des envol\u00e9es musicales de ce qui se pr\u00e9sente maintenant comme un des plus importants festivals en France. Deux fortes particularit\u00e9s&nbsp;: l\u2019\u00e9clectisme et&hellip;\" \/>\n<meta property=\"og:url\" content=\"https:\/\/frequence-sille.org\/newsite\/2026\/09\/01\/v-and-b-fest-2026-un-evenement-musical-majeur\/\" \/>\n<meta property=\"og:site_name\" content=\"Fr\u00e9quence Sill\u00e9\" \/>\n<meta property=\"article:publisher\" content=\"https:\/\/www.facebook.com\/frequencesille979fm\" \/>\n<meta property=\"article:published_time\" content=\"2026-09-01T11:40:49+00:00\" \/>\n<meta property=\"article:modified_time\" content=\"2026-09-01T11:40:51+00:00\" \/>\n<meta property=\"og:image\" content=\"https:\/\/frequence-sille.org\/newsite\/wp-content\/uploads\/2026\/08\/A-public-Moby-scaled.jpg\" \/>\n\t<meta property=\"og:image:width\" content=\"2560\" \/>\n\t<meta property=\"og:image:height\" content=\"1441\" \/>\n\t<meta property=\"og:image:type\" content=\"image\/jpeg\" \/>\n<meta name=\"author\" content=\"Fr\u00e9quence Sill\u00e9\" \/>\n<meta name=\"twitter:card\" content=\"summary_large_image\" \/>\n<meta name=\"twitter:creator\" content=\"@freqsille979\" \/>\n<meta name=\"twitter:site\" content=\"@freqsille979\" \/>\n<meta name=\"twitter:label1\" content=\"\u00c9crit par\" \/>\n\t<meta name=\"twitter:data1\" content=\"Fr\u00e9quence Sill\u00e9\" \/>\n\t<meta name=\"twitter:label2\" content=\"Dur\u00e9e de lecture estim\u00e9e\" \/>\n\t<meta name=\"twitter:data2\" content=\"7 minutes\" \/>\n<script type=\"application\/ld+json\" class=\"yoast-schema-graph\">{\"@context\":\"https:\\\/\\\/schema.org\",\"@graph\":[{\"@type\":\"Article\",\"@id\":\"https:\\\/\\\/frequence-sille.org\\\/newsite\\\/2026\\\/09\\\/01\\\/v-and-b-fest-2026-un-evenement-musical-majeur\\\/#article\",\"isPartOf\":{\"@id\":\"https:\\\/\\\/frequence-sille.org\\\/newsite\\\/2026\\\/09\\\/01\\\/v-and-b-fest-2026-un-evenement-musical-majeur\\\/\"},\"author\":{\"name\":\"Fr\u00e9quence Sill\u00e9\",\"@id\":\"https:\\\/\\\/frequence-sille.org\\\/newsite\\\/#\\\/schema\\\/person\\\/b2ef2baba58f9c81a066ca894f156fc5\"},\"headline\":\"V and B Fest 2026 un \u00e9v\u00e9nement musical majeur\",\"datePublished\":\"2026-09-01T11:40:49+00:00\",\"dateModified\":\"2026-09-01T11:40:51+00:00\",\"mainEntityOfPage\":{\"@id\":\"https:\\\/\\\/frequence-sille.org\\\/newsite\\\/2026\\\/09\\\/01\\\/v-and-b-fest-2026-un-evenement-musical-majeur\\\/\"},\"wordCount\":329,\"publisher\":{\"@id\":\"https:\\\/\\\/frequence-sille.org\\\/newsite\\\/#organization\"},\"image\":{\"@id\":\"https:\\\/\\\/frequence-sille.org\\\/newsite\\\/2026\\\/09\\\/01\\\/v-and-b-fest-2026-un-evenement-musical-majeur\\\/#primaryimage\"},\"thumbnailUrl\":\"https:\\\/\\\/frequence-sille.org\\\/newsite\\\/wp-content\\\/uploads\\\/2026\\\/08\\\/A-public-Moby-scaled.jpg\",\"articleSection\":[\"Divertissement\",\"Ev\u00e9nements\"],\"inLanguage\":\"fr-FR\"},{\"@type\":\"WebPage\",\"@id\":\"https:\\\/\\\/frequence-sille.org\\\/newsite\\\/2026\\\/09\\\/01\\\/v-and-b-fest-2026-un-evenement-musical-majeur\\\/\",\"url\":\"https:\\\/\\\/frequence-sille.org\\\/newsite\\\/2026\\\/09\\\/01\\\/v-and-b-fest-2026-un-evenement-musical-majeur\\\/\",\"name\":\"V and B Fest 2026 un \u00e9v\u00e9nement musical majeur - Fr\u00e9quence Sill\u00e9\",\"isPartOf\":{\"@id\":\"https:\\\/\\\/frequence-sille.org\\\/newsite\\\/#website\"},\"primaryImageOfPage\":{\"@id\":\"https:\\\/\\\/frequence-sille.org\\\/newsite\\\/2026\\\/09\\\/01\\\/v-and-b-fest-2026-un-evenement-musical-majeur\\\/#primaryimage\"},\"image\":{\"@id\":\"https:\\\/\\\/frequence-sille.org\\\/newsite\\\/2026\\\/09\\\/01\\\/v-and-b-fest-2026-un-evenement-musical-majeur\\\/#primaryimage\"},\"thumbnailUrl\":\"https:\\\/\\\/frequence-sille.org\\\/newsite\\\/wp-content\\\/uploads\\\/2026\\\/08\\\/A-public-Moby-scaled.jpg\",\"datePublished\":\"2026-09-01T11:40:49+00:00\",\"dateModified\":\"2026-09-01T11:40:51+00:00\",\"breadcrumb\":{\"@id\":\"https:\\\/\\\/frequence-sille.org\\\/newsite\\\/2026\\\/09\\\/01\\\/v-and-b-fest-2026-un-evenement-musical-majeur\\\/#breadcrumb\"},\"inLanguage\":\"fr-FR\",\"potentialAction\":[{\"@type\":\"ReadAction\",\"target\":[\"https:\\\/\\\/frequence-sille.org\\\/newsite\\\/2026\\\/09\\\/01\\\/v-and-b-fest-2026-un-evenement-musical-majeur\\\/\"]}]},{\"@type\":\"ImageObject\",\"inLanguage\":\"fr-FR\",\"@id\":\"https:\\\/\\\/frequence-sille.org\\\/newsite\\\/2026\\\/09\\\/01\\\/v-and-b-fest-2026-un-evenement-musical-majeur\\\/#primaryimage\",\"url\":\"https:\\\/\\\/frequence-sille.org\\\/newsite\\\/wp-content\\\/uploads\\\/2026\\\/08\\\/A-public-Moby-scaled.jpg\",\"contentUrl\":\"https:\\\/\\\/frequence-sille.org\\\/newsite\\\/wp-content\\\/uploads\\\/2026\\\/08\\\/A-public-Moby-scaled.jpg\",\"width\":2560,\"height\":1441},{\"@type\":\"BreadcrumbList\",\"@id\":\"https:\\\/\\\/frequence-sille.org\\\/newsite\\\/2026\\\/09\\\/01\\\/v-and-b-fest-2026-un-evenement-musical-majeur\\\/#breadcrumb\",\"itemListElement\":[{\"@type\":\"ListItem\",\"position\":1,\"name\":\"Accueil\",\"item\":\"https:\\\/\\\/frequence-sille.org\\\/newsite\\\/\"},{\"@type\":\"ListItem\",\"position\":2,\"name\":\"V and B Fest 2026 un \u00e9v\u00e9nement musical majeur\"}]},{\"@type\":\"WebSite\",\"@id\":\"https:\\\/\\\/frequence-sille.org\\\/newsite\\\/#website\",\"url\":\"https:\\\/\\\/frequence-sille.org\\\/newsite\\\/\",\"name\":\"Fr\u00e9quence Sill\u00e9\",\"description\":\"Bien plus qu&#039;une radio...votre radio !\",\"publisher\":{\"@id\":\"https:\\\/\\\/frequence-sille.org\\\/newsite\\\/#organization\"},\"potentialAction\":[{\"@type\":\"SearchAction\",\"target\":{\"@type\":\"EntryPoint\",\"urlTemplate\":\"https:\\\/\\\/frequence-sille.org\\\/newsite\\\/?s={search_term_string}\"},\"query-input\":{\"@type\":\"PropertyValueSpecification\",\"valueRequired\":true,\"valueName\":\"search_term_string\"}}],\"inLanguage\":\"fr-FR\"},{\"@type\":\"Organization\",\"@id\":\"https:\\\/\\\/frequence-sille.org\\\/newsite\\\/#organization\",\"name\":\"Fr\u00e9quence Sill\u00e9\",\"url\":\"https:\\\/\\\/frequence-sille.org\\\/newsite\\\/\",\"logo\":{\"@type\":\"ImageObject\",\"inLanguage\":\"fr-FR\",\"@id\":\"https:\\\/\\\/frequence-sille.org\\\/newsite\\\/#\\\/schema\\\/logo\\\/image\\\/\",\"url\":\"https:\\\/\\\/frequence-sille.org\\\/newsite\\\/wp-content\\\/uploads\\\/2023\\\/07\\\/LOGO_979_NOIR.png\",\"contentUrl\":\"https:\\\/\\\/frequence-sille.org\\\/newsite\\\/wp-content\\\/uploads\\\/2023\\\/07\\\/LOGO_979_NOIR.png\",\"width\":7680,\"height\":4320,\"caption\":\"Fr\u00e9quence Sill\u00e9\"},\"image\":{\"@id\":\"https:\\\/\\\/frequence-sille.org\\\/newsite\\\/#\\\/schema\\\/logo\\\/image\\\/\"},\"sameAs\":[\"https:\\\/\\\/www.facebook.com\\\/frequencesille979fm\",\"https:\\\/\\\/x.com\\\/freqsille979\",\"https:\\\/\\\/www.instagram.com\\\/frequencesille\\\/\"]},{\"@type\":\"Person\",\"@id\":\"https:\\\/\\\/frequence-sille.org\\\/newsite\\\/#\\\/schema\\\/person\\\/b2ef2baba58f9c81a066ca894f156fc5\",\"name\":\"Fr\u00e9quence Sill\u00e9\",\"image\":{\"@type\":\"ImageObject\",\"inLanguage\":\"fr-FR\",\"@id\":\"https:\\\/\\\/secure.gravatar.com\\\/avatar\\\/8edea065a20d07d283ef9c5595da1859244093fbe2c620eb7cb86d4a5cbb52d6?s=96&d=mm&r=g\",\"url\":\"https:\\\/\\\/secure.gravatar.com\\\/avatar\\\/8edea065a20d07d283ef9c5595da1859244093fbe2c620eb7cb86d4a5cbb52d6?s=96&d=mm&r=g\",\"contentUrl\":\"https:\\\/\\\/secure.gravatar.com\\\/avatar\\\/8edea065a20d07d283ef9c5595da1859244093fbe2c620eb7cb86d4a5cbb52d6?s=96&d=mm&r=g\",\"caption\":\"Fr\u00e9quence Sill\u00e9\"},\"url\":\"https:\\\/\\\/frequence-sille.org\\\/newsite\\\/author\\\/frequenc\\\/\"}]}<\/script>\n<!-- \/ Yoast SEO plugin. -->","yoast_head_json":{"title":"V and B Fest 2026 un \u00e9v\u00e9nement musical majeur - Fr\u00e9quence Sill\u00e9","robots":{"index":"index","follow":"follow","max-snippet":"max-snippet:-1","max-image-preview":"max-image-preview:large","max-video-preview":"max-video-preview:-1"},"canonical":"https:\/\/frequence-sille.org\/newsite\/2026\/09\/01\/v-and-b-fest-2026-un-evenement-musical-majeur\/","og_locale":"fr_FR","og_type":"article","og_title":"V and B Fest 2026 un \u00e9v\u00e9nement musical majeur - Fr\u00e9quence Sill\u00e9","og_description":"Du 20 au 24 aout Ch\u00e2teau-Gontier a vibr\u00e9 des envol\u00e9es musicales de ce qui se pr\u00e9sente maintenant comme un des plus importants festivals en France. Deux fortes particularit\u00e9s&nbsp;: l\u2019\u00e9clectisme et&hellip;","og_url":"https:\/\/frequence-sille.org\/newsite\/2026\/09\/01\/v-and-b-fest-2026-un-evenement-musical-majeur\/","og_site_name":"Fr\u00e9quence Sill\u00e9","article_publisher":"https:\/\/www.facebook.com\/frequencesille979fm","article_published_time":"2026-09-01T11:40:49+00:00","article_modified_time":"2026-09-01T11:40:51+00:00","og_image":[{"width":2560,"height":1441,"url":"https:\/\/frequence-sille.org\/newsite\/wp-content\/uploads\/2026\/08\/A-public-Moby-scaled.jpg","type":"image\/jpeg"}],"author":"Fr\u00e9quence Sill\u00e9","twitter_card":"summary_large_image","twitter_creator":"@freqsille979","twitter_site":"@freqsille979","twitter_misc":{"\u00c9crit par":"Fr\u00e9quence Sill\u00e9","Dur\u00e9e de lecture estim\u00e9e":"7 minutes"},"schema":{"@context":"https:\/\/schema.org","@graph":[{"@type":"Article","@id":"https:\/\/frequence-sille.org\/newsite\/2026\/09\/01\/v-and-b-fest-2026-un-evenement-musical-majeur\/#article","isPartOf":{"@id":"https:\/\/frequence-sille.org\/newsite\/2026\/09\/01\/v-and-b-fest-2026-un-evenement-musical-majeur\/"},"author":{"name":"Fr\u00e9quence Sill\u00e9","@id":"https:\/\/frequence-sille.org\/newsite\/#\/schema\/person\/b2ef2baba58f9c81a066ca894f156fc5"},"headline":"V and B Fest 2026 un \u00e9v\u00e9nement musical majeur","datePublished":"2026-09-01T11:40:49+00:00","dateModified":"2026-09-01T11:40:51+00:00","mainEntityOfPage":{"@id":"https:\/\/frequence-sille.org\/newsite\/2026\/09\/01\/v-and-b-fest-2026-un-evenement-musical-majeur\/"},"wordCount":329,"publisher":{"@id":"https:\/\/frequence-sille.org\/newsite\/#organization"},"image":{"@id":"https:\/\/frequence-sille.org\/newsite\/2026\/09\/01\/v-and-b-fest-2026-un-evenement-musical-majeur\/#primaryimage"},"thumbnailUrl":"https:\/\/frequence-sille.org\/newsite\/wp-content\/uploads\/2026\/08\/A-public-Moby-scaled.jpg","articleSection":["Divertissement","Ev\u00e9nements"],"inLanguage":"fr-FR"},{"@type":"WebPage","@id":"https:\/\/frequence-sille.org\/newsite\/2026\/09\/01\/v-and-b-fest-2026-un-evenement-musical-majeur\/","url":"https:\/\/frequence-sille.org\/newsite\/2026\/09\/01\/v-and-b-fest-2026-un-evenement-musical-majeur\/","name":"V and B Fest 2026 un \u00e9v\u00e9nement musical majeur - Fr\u00e9quence Sill\u00e9","isPartOf":{"@id":"https:\/\/frequence-sille.org\/newsite\/#website"},"primaryImageOfPage":{"@id":"https:\/\/frequence-sille.org\/newsite\/2026\/09\/01\/v-and-b-fest-2026-un-evenement-musical-majeur\/#primaryimage"},"image":{"@id":"https:\/\/frequence-sille.org\/newsite\/2026\/09\/01\/v-and-b-fest-2026-un-evenement-musical-majeur\/#primaryimage"},"thumbnailUrl":"https:\/\/frequence-sille.org\/newsite\/wp-content\/uploads\/2026\/08\/A-public-Moby-scaled.jpg","datePublished":"2026-09-01T11:40:49+00:00","dateModified":"2026-09-01T11:40:51+00:00","breadcrumb":{"@id":"https:\/\/frequence-sille.org\/newsite\/2026\/09\/01\/v-and-b-fest-2026-un-evenement-musical-majeur\/#breadcrumb"},"inLanguage":"fr-FR","potentialAction":[{"@type":"ReadAction","target":["https:\/\/frequence-sille.org\/newsite\/2026\/09\/01\/v-and-b-fest-2026-un-evenement-musical-majeur\/"]}]},{"@type":"ImageObject","inLanguage":"fr-FR","@id":"https:\/\/frequence-sille.org\/newsite\/2026\/09\/01\/v-and-b-fest-2026-un-evenement-musical-majeur\/#primaryimage","url":"https:\/\/frequence-sille.org\/newsite\/wp-content\/uploads\/2026\/08\/A-public-Moby-scaled.jpg","contentUrl":"https:\/\/frequence-sille.org\/newsite\/wp-content\/uploads\/2026\/08\/A-public-Moby-scaled.jpg","width":2560,"height":1441},{"@type":"BreadcrumbList","@id":"https:\/\/frequence-sille.org\/newsite\/2026\/09\/01\/v-and-b-fest-2026-un-evenement-musical-majeur\/#breadcrumb","itemListElement":[{"@type":"ListItem","position":1,"name":"Accueil","item":"https:\/\/frequence-sille.org\/newsite\/"},{"@type":"ListItem","position":2,"name":"V and B Fest 2026 un \u00e9v\u00e9nement musical majeur"}]},{"@type":"WebSite","@id":"https:\/\/frequence-sille.org\/newsite\/#website","url":"https:\/\/frequence-sille.org\/newsite\/","name":"Fr\u00e9quence Sill\u00e9","description":"Bien plus qu&#039;une radio...votre radio !","publisher":{"@id":"https:\/\/frequence-sille.org\/newsite\/#organization"},"potentialAction":[{"@type":"SearchAction","target":{"@type":"EntryPoint","urlTemplate":"https:\/\/frequence-sille.org\/newsite\/?s={search_term_string}"},"query-input":{"@type":"PropertyValueSpecification","valueRequired":true,"valueName":"search_term_string"}}],"inLanguage":"fr-FR"},{"@type":"Organization","@id":"https:\/\/frequence-sille.org\/newsite\/#organization","name":"Fr\u00e9quence Sill\u00e9","url":"https:\/\/frequence-sille.org\/newsite\/","logo":{"@type":"ImageObject","inLanguage":"fr-FR","@id":"https:\/\/frequence-sille.org\/newsite\/#\/schema\/logo\/image\/","url":"https:\/\/frequence-sille.org\/newsite\/wp-content\/uploads\/2023\/07\/LOGO_979_NOIR.png","contentUrl":"https:\/\/frequence-sille.org\/newsite\/wp-content\/uploads\/2023\/07\/LOGO_979_NOIR.png","width":7680,"height":4320,"caption":"Fr\u00e9quence Sill\u00e9"},"image":{"@id":"https:\/\/frequence-sille.org\/newsite\/#\/schema\/logo\/image\/"},"sameAs":["https:\/\/www.facebook.com\/frequencesille979fm","https:\/\/x.com\/freqsille979","https:\/\/www.instagram.com\/frequencesille\/"]},{"@type":"Person","@id":"https:\/\/frequence-sille.org\/newsite\/#\/schema\/person\/b2ef2baba58f9c81a066ca894f156fc5","name":"Fr\u00e9quence Sill\u00e9","image":{"@type":"ImageObject","inLanguage":"fr-FR","@id":"https:\/\/secure.gravatar.com\/avatar\/8edea065a20d07d283ef9c5595da1859244093fbe2c620eb7cb86d4a5cbb52d6?s=96&d=mm&r=g","url":"https:\/\/secure.gravatar.com\/avatar\/8edea065a20d07d283ef9c5595da1859244093fbe2c620eb7cb86d4a5cbb52d6?s=96&d=mm&r=g","contentUrl":"https:\/\/secure.gravatar.com\/avatar\/8edea065a20d07d283ef9c5595da1859244093fbe2c620eb7cb86d4a5cbb52d6?s=96&d=mm&r=g","caption":"Fr\u00e9quence Sill\u00e9"},"url":"https:\/\/frequence-sille.org\/newsite\/author\/frequenc\/"}]}},"_links":{"self":[{"href":"https:\/\/frequence-sille.org\/newsite\/wp-json\/wp\/v2\/posts\/17460","targetHints":{"allow":["GET"]}}],"collection":[{"href":"https:\/\/frequence-sille.org\/newsite\/wp-json\/wp\/v2\/posts"}],"about":[{"href":"https:\/\/frequence-sille.org\/newsite\/wp-json\/wp\/v2\/types\/post"}],"author":[{"embeddable":true,"href":"https:\/\/frequence-sille.org\/newsite\/wp-json\/wp\/v2\/users\/1"}],"replies":[{"embeddable":true,"href":"https:\/\/frequence-sille.org\/newsite\/wp-json\/wp\/v2\/comments?post=17460"}],"version-history":[{"count":8,"href":"https:\/\/frequence-sille.org\/newsite\/wp-json\/wp\/v2\/posts\/17460\/revisions"}],"predecessor-version":[{"id":17498,"href":"https:\/\/frequence-sille.org\/newsite\/wp-json\/wp\/v2\/posts\/17460\/revisions\/17498"}],"wp:featuredmedia":[{"embeddable":true,"href":"https:\/\/frequence-sille.org\/newsite\/wp-json\/wp\/v2\/media\/17463"}],"wp:attachment":[{"href":"https:\/\/frequence-sille.org\/newsite\/wp-json\/wp\/v2\/media?parent=17460"}],"wp:term":[{"taxonomy":"category","embeddable":true,"href":"https:\/\/frequence-sille.org\/newsite\/wp-json\/wp\/v2\/categories?post=17460"},{"taxonomy":"post_tag","embeddable":true,"href":"https:\/\/frequence-sille.org\/newsite\/wp-json\/wp\/v2\/tags?post=17460"}],"curies":[{"name":"wp","href":"https:\/\/api.w.org\/{rel}","templated":true}]}}