{"id":8748,"date":"2021-11-08T10:12:12","date_gmt":"2021-11-08T09:12:12","guid":{"rendered":"https:\/\/frequence-sille.org\/newsite\/?p=8748"},"modified":"2023-12-04T14:03:42","modified_gmt":"2023-12-04T13:03:42","slug":"linformation-condensee-lundi-8-novembre","status":"publish","type":"post","link":"https:\/\/frequence-sille.org\/newsite\/2021\/11\/08\/linformation-condensee-lundi-8-novembre\/","title":{"rendered":"L&rsquo;actualit\u00e9 condens\u00e9e &#8211; Lundi 8 Novembre"},"content":{"rendered":"\n<p>Un policier agress\u00e9 a l\u2019arme blanche \u00e0 Cannes.<br>C\u2019\u00e9tait ce matin pr\u00e8s du commisariat central de la ville. La victime est gravement bless\u00e9e et l\u2019assaillant qui a agit \u00ab&nbsp;au nom du proph\u00e8te&nbsp;\u00bb selon le minist\u00e8re de l\u2019int\u00e9rieur a \u00e9t\u00e9 neutralis\u00e9. G\u00e9rarld Darmanin se rend sur place.<\/p>\n\n\n\n<p><\/p>\n\n\n\n<p>C\u2019est la rentr\u00e9e et avec elle celle du port du masque \u00e0 l\u2019\u00e9cole !<br>En tout cas dans 57 d\u00e9partements o\u00f9 il reste OU redevient obligatoire en primaire. Une mesure mise en place dans les d\u00e9partements o\u00f9 le taux d\u2019incidence \u00e0 connu une nette augmentation. La Sarthe est concern\u00e9e.<\/p>\n\n\n\n<p><\/p>\n\n\n\n<p>Les recherches sont termin\u00e9es au N\u00e9pal<br>Trois alpinistes Fran\u00e7ais \u00e9taient port\u00e9es disparus depuis le 26 octobre apr\u00e8s une avalanche. Leur corps sans vie ont \u00e9t\u00e9 retrouv\u00e9s par un guide montagne.<\/p>\n\n\n\n<p><\/p>\n\n\n\n<p>La r\u00e9forme des retraites prendra t-elle place avant l\u2019\u00e9lection pr\u00e9sidentielle ?<br>Pas pour Richard Ferrand en tout cas. Il \u00e9voque un manque de temps. Une r\u00e9forme qui selon lui doit \u00eatre mise sur la place lors d\u2019un second quinquennat.<\/p>\n\n\n\n<p><\/p>\n\n\n\n<p>Au Mans, si vous prenez les transports en commun partez en avance !<br>Un mouvement social est de nouveau pr\u00e9vu ce matin par les employ\u00e9s de la Setram. La plupart des lignes de bus sont perturb\u00e9es, comptez 30 minutes entre chaque passage. Pour les tramways, c\u2019est tout les 9 minutes.<\/p>\n\n\n\n<p><\/p>\n\n\n\n<p>A Sill\u00e9 le Guillaume, pas d\u2019aides de la commune pour les auteurs d\u2019incivilit\u00e9s.<br>C\u2019est ce que rappelle son Maire G\u00e9rard Galpin.<br>Les habitants concern\u00e9s se voient supprim\u00e9s leurs droits aux aides ponctuelles du centre communal d\u2019action sociale de la ville.<br>Une mesure qui intervient 3 \u00e0 5 fois par an depuis 2015.<br>Le pr\u00e9sident de l\u2019association des maires de la Sarthe Emmanuel Franco comprend la d\u00e9marche mais rappelle qu\u2019un maire n\u2019a pas \u00e0 agir \u00e0 la place d\u2019une instance judiciaire.<\/p>\n\n\n\n<p class=\"has-text-align-right\"><em>Article \u00e9crit par Th\u00e9o Guitton<\/em><\/p>\n","protected":false},"excerpt":{"rendered":"<p>Un policier agress\u00e9 a l\u2019arme blanche \u00e0 Cannes.C\u2019\u00e9tait ce matin pr\u00e8s du commisariat central de la ville. La victime est gravement bless\u00e9e et l\u2019assaillant qui a agit \u00ab&nbsp;au nom du&hellip;<\/p>\n","protected":false},"author":1,"featured_media":8749,"comment_status":"closed","ping_status":"open","sticky":false,"template":"","format":"standard","meta":{"footnotes":""},"categories":[35],"tags":[],"class_list":["post-8748","post","type-post","status-publish","format-standard","has-post-thumbnail","hentry","category-informations-generales"],"yoast_head":"<!-- This site is optimized with the Yoast SEO plugin v27.5 - https:\/\/yoast.com\/product\/yoast-seo-wordpress\/ -->\n<title>L&#039;actualit\u00e9 condens\u00e9e - Lundi 8 Novembre - Fr\u00e9quence Sill\u00e9<\/title>\n<meta name=\"robots\" content=\"index, follow, max-snippet:-1, max-image-preview:large, max-video-preview:-1\" \/>\n<link rel=\"canonical\" href=\"https:\/\/frequence-sille.org\/newsite\/2021\/11\/08\/linformation-condensee-lundi-8-novembre\/\" \/>\n<meta property=\"og:locale\" content=\"fr_FR\" \/>\n<meta property=\"og:type\" content=\"article\" \/>\n<meta property=\"og:title\" content=\"L&#039;actualit\u00e9 condens\u00e9e - Lundi 8 Novembre - Fr\u00e9quence Sill\u00e9\" \/>\n<meta property=\"og:description\" content=\"Un policier agress\u00e9 a l\u2019arme blanche \u00e0 Cannes.C\u2019\u00e9tait ce matin pr\u00e8s du commisariat central de la ville. La victime est gravement bless\u00e9e et l\u2019assaillant qui a agit \u00ab&nbsp;au nom du&hellip;\" \/>\n<meta property=\"og:url\" content=\"https:\/\/frequence-sille.org\/newsite\/2021\/11\/08\/linformation-condensee-lundi-8-novembre\/\" \/>\n<meta property=\"og:site_name\" content=\"Fr\u00e9quence Sill\u00e9\" \/>\n<meta property=\"article:publisher\" content=\"https:\/\/www.facebook.com\/frequencesille979fm\" \/>\n<meta property=\"article:published_time\" content=\"2021-11-08T09:12:12+00:00\" \/>\n<meta property=\"article:modified_time\" content=\"2023-12-04T13:03:42+00:00\" \/>\n<meta property=\"og:image\" content=\"https:\/\/frequence-sille.org\/newsite\/wp-content\/uploads\/2021\/11\/Voiture_de_la_Police_nationale.jpg\" \/>\n\t<meta property=\"og:image:width\" content=\"1701\" \/>\n\t<meta property=\"og:image:height\" content=\"1018\" \/>\n\t<meta property=\"og:image:type\" content=\"image\/jpeg\" \/>\n<meta name=\"author\" content=\"Fr\u00e9quence Sill\u00e9\" \/>\n<meta name=\"twitter:card\" content=\"summary_large_image\" \/>\n<meta name=\"twitter:creator\" content=\"@freqsille979\" \/>\n<meta name=\"twitter:site\" content=\"@freqsille979\" \/>\n<meta name=\"twitter:label1\" content=\"\u00c9crit par\" \/>\n\t<meta name=\"twitter:data1\" content=\"Fr\u00e9quence Sill\u00e9\" \/>\n\t<meta name=\"twitter:label2\" content=\"Dur\u00e9e de lecture estim\u00e9e\" \/>\n\t<meta name=\"twitter:data2\" content=\"2 minutes\" \/>\n<script type=\"application\/ld+json\" class=\"yoast-schema-graph\">{\"@context\":\"https:\\\/\\\/schema.org\",\"@graph\":[{\"@type\":\"Article\",\"@id\":\"https:\\\/\\\/frequence-sille.org\\\/newsite\\\/2021\\\/11\\\/08\\\/linformation-condensee-lundi-8-novembre\\\/#article\",\"isPartOf\":{\"@id\":\"https:\\\/\\\/frequence-sille.org\\\/newsite\\\/2021\\\/11\\\/08\\\/linformation-condensee-lundi-8-novembre\\\/\"},\"author\":{\"name\":\"Fr\u00e9quence Sill\u00e9\",\"@id\":\"https:\\\/\\\/frequence-sille.org\\\/newsite\\\/#\\\/schema\\\/person\\\/b2ef2baba58f9c81a066ca894f156fc5\"},\"headline\":\"L&rsquo;actualit\u00e9 condens\u00e9e &#8211; Lundi 8 Novembre\",\"datePublished\":\"2021-11-08T09:12:12+00:00\",\"dateModified\":\"2023-12-04T13:03:42+00:00\",\"mainEntityOfPage\":{\"@id\":\"https:\\\/\\\/frequence-sille.org\\\/newsite\\\/2021\\\/11\\\/08\\\/linformation-condensee-lundi-8-novembre\\\/\"},\"wordCount\":337,\"publisher\":{\"@id\":\"https:\\\/\\\/frequence-sille.org\\\/newsite\\\/#organization\"},\"image\":{\"@id\":\"https:\\\/\\\/frequence-sille.org\\\/newsite\\\/2021\\\/11\\\/08\\\/linformation-condensee-lundi-8-novembre\\\/#primaryimage\"},\"thumbnailUrl\":\"https:\\\/\\\/frequence-sille.org\\\/newsite\\\/wp-content\\\/uploads\\\/2021\\\/11\\\/Voiture_de_la_Police_nationale.jpg\",\"articleSection\":[\"Informations g\u00e9n\u00e9rales\"],\"inLanguage\":\"fr-FR\"},{\"@type\":\"WebPage\",\"@id\":\"https:\\\/\\\/frequence-sille.org\\\/newsite\\\/2021\\\/11\\\/08\\\/linformation-condensee-lundi-8-novembre\\\/\",\"url\":\"https:\\\/\\\/frequence-sille.org\\\/newsite\\\/2021\\\/11\\\/08\\\/linformation-condensee-lundi-8-novembre\\\/\",\"name\":\"L'actualit\u00e9 condens\u00e9e - Lundi 8 Novembre - Fr\u00e9quence Sill\u00e9\",\"isPartOf\":{\"@id\":\"https:\\\/\\\/frequence-sille.org\\\/newsite\\\/#website\"},\"primaryImageOfPage\":{\"@id\":\"https:\\\/\\\/frequence-sille.org\\\/newsite\\\/2021\\\/11\\\/08\\\/linformation-condensee-lundi-8-novembre\\\/#primaryimage\"},\"image\":{\"@id\":\"https:\\\/\\\/frequence-sille.org\\\/newsite\\\/2021\\\/11\\\/08\\\/linformation-condensee-lundi-8-novembre\\\/#primaryimage\"},\"thumbnailUrl\":\"https:\\\/\\\/frequence-sille.org\\\/newsite\\\/wp-content\\\/uploads\\\/2021\\\/11\\\/Voiture_de_la_Police_nationale.jpg\",\"datePublished\":\"2021-11-08T09:12:12+00:00\",\"dateModified\":\"2023-12-04T13:03:42+00:00\",\"breadcrumb\":{\"@id\":\"https:\\\/\\\/frequence-sille.org\\\/newsite\\\/2021\\\/11\\\/08\\\/linformation-condensee-lundi-8-novembre\\\/#breadcrumb\"},\"inLanguage\":\"fr-FR\",\"potentialAction\":[{\"@type\":\"ReadAction\",\"target\":[\"https:\\\/\\\/frequence-sille.org\\\/newsite\\\/2021\\\/11\\\/08\\\/linformation-condensee-lundi-8-novembre\\\/\"]}]},{\"@type\":\"ImageObject\",\"inLanguage\":\"fr-FR\",\"@id\":\"https:\\\/\\\/frequence-sille.org\\\/newsite\\\/2021\\\/11\\\/08\\\/linformation-condensee-lundi-8-novembre\\\/#primaryimage\",\"url\":\"https:\\\/\\\/frequence-sille.org\\\/newsite\\\/wp-content\\\/uploads\\\/2021\\\/11\\\/Voiture_de_la_Police_nationale.jpg\",\"contentUrl\":\"https:\\\/\\\/frequence-sille.org\\\/newsite\\\/wp-content\\\/uploads\\\/2021\\\/11\\\/Voiture_de_la_Police_nationale.jpg\",\"width\":1701,\"height\":1018},{\"@type\":\"BreadcrumbList\",\"@id\":\"https:\\\/\\\/frequence-sille.org\\\/newsite\\\/2021\\\/11\\\/08\\\/linformation-condensee-lundi-8-novembre\\\/#breadcrumb\",\"itemListElement\":[{\"@type\":\"ListItem\",\"position\":1,\"name\":\"Accueil\",\"item\":\"https:\\\/\\\/frequence-sille.org\\\/newsite\\\/\"},{\"@type\":\"ListItem\",\"position\":2,\"name\":\"L&#8217;actualit\u00e9 condens\u00e9e &#8211; Lundi 8 Novembre\"}]},{\"@type\":\"WebSite\",\"@id\":\"https:\\\/\\\/frequence-sille.org\\\/newsite\\\/#website\",\"url\":\"https:\\\/\\\/frequence-sille.org\\\/newsite\\\/\",\"name\":\"Fr\u00e9quence Sill\u00e9\",\"description\":\"Bien plus qu&#039;une radio...votre radio !\",\"publisher\":{\"@id\":\"https:\\\/\\\/frequence-sille.org\\\/newsite\\\/#organization\"},\"potentialAction\":[{\"@type\":\"SearchAction\",\"target\":{\"@type\":\"EntryPoint\",\"urlTemplate\":\"https:\\\/\\\/frequence-sille.org\\\/newsite\\\/?s={search_term_string}\"},\"query-input\":{\"@type\":\"PropertyValueSpecification\",\"valueRequired\":true,\"valueName\":\"search_term_string\"}}],\"inLanguage\":\"fr-FR\"},{\"@type\":\"Organization\",\"@id\":\"https:\\\/\\\/frequence-sille.org\\\/newsite\\\/#organization\",\"name\":\"Fr\u00e9quence Sill\u00e9\",\"url\":\"https:\\\/\\\/frequence-sille.org\\\/newsite\\\/\",\"logo\":{\"@type\":\"ImageObject\",\"inLanguage\":\"fr-FR\",\"@id\":\"https:\\\/\\\/frequence-sille.org\\\/newsite\\\/#\\\/schema\\\/logo\\\/image\\\/\",\"url\":\"https:\\\/\\\/frequence-sille.org\\\/newsite\\\/wp-content\\\/uploads\\\/2023\\\/07\\\/LOGO_979_NOIR.png\",\"contentUrl\":\"https:\\\/\\\/frequence-sille.org\\\/newsite\\\/wp-content\\\/uploads\\\/2023\\\/07\\\/LOGO_979_NOIR.png\",\"width\":7680,\"height\":4320,\"caption\":\"Fr\u00e9quence Sill\u00e9\"},\"image\":{\"@id\":\"https:\\\/\\\/frequence-sille.org\\\/newsite\\\/#\\\/schema\\\/logo\\\/image\\\/\"},\"sameAs\":[\"https:\\\/\\\/www.facebook.com\\\/frequencesille979fm\",\"https:\\\/\\\/x.com\\\/freqsille979\",\"https:\\\/\\\/www.instagram.com\\\/frequencesille\\\/\"]},{\"@type\":\"Person\",\"@id\":\"https:\\\/\\\/frequence-sille.org\\\/newsite\\\/#\\\/schema\\\/person\\\/b2ef2baba58f9c81a066ca894f156fc5\",\"name\":\"Fr\u00e9quence Sill\u00e9\",\"image\":{\"@type\":\"ImageObject\",\"inLanguage\":\"fr-FR\",\"@id\":\"https:\\\/\\\/secure.gravatar.com\\\/avatar\\\/8edea065a20d07d283ef9c5595da1859244093fbe2c620eb7cb86d4a5cbb52d6?s=96&d=mm&r=g\",\"url\":\"https:\\\/\\\/secure.gravatar.com\\\/avatar\\\/8edea065a20d07d283ef9c5595da1859244093fbe2c620eb7cb86d4a5cbb52d6?s=96&d=mm&r=g\",\"contentUrl\":\"https:\\\/\\\/secure.gravatar.com\\\/avatar\\\/8edea065a20d07d283ef9c5595da1859244093fbe2c620eb7cb86d4a5cbb52d6?s=96&d=mm&r=g\",\"caption\":\"Fr\u00e9quence Sill\u00e9\"},\"url\":\"https:\\\/\\\/frequence-sille.org\\\/newsite\\\/author\\\/frequenc\\\/\"}]}<\/script>\n<!-- \/ Yoast SEO plugin. -->","yoast_head_json":{"title":"L'actualit\u00e9 condens\u00e9e - Lundi 8 Novembre - Fr\u00e9quence Sill\u00e9","robots":{"index":"index","follow":"follow","max-snippet":"max-snippet:-1","max-image-preview":"max-image-preview:large","max-video-preview":"max-video-preview:-1"},"canonical":"https:\/\/frequence-sille.org\/newsite\/2021\/11\/08\/linformation-condensee-lundi-8-novembre\/","og_locale":"fr_FR","og_type":"article","og_title":"L'actualit\u00e9 condens\u00e9e - Lundi 8 Novembre - Fr\u00e9quence Sill\u00e9","og_description":"Un policier agress\u00e9 a l\u2019arme blanche \u00e0 Cannes.C\u2019\u00e9tait ce matin pr\u00e8s du commisariat central de la ville. La victime est gravement bless\u00e9e et l\u2019assaillant qui a agit \u00ab&nbsp;au nom du&hellip;","og_url":"https:\/\/frequence-sille.org\/newsite\/2021\/11\/08\/linformation-condensee-lundi-8-novembre\/","og_site_name":"Fr\u00e9quence Sill\u00e9","article_publisher":"https:\/\/www.facebook.com\/frequencesille979fm","article_published_time":"2021-11-08T09:12:12+00:00","article_modified_time":"2023-12-04T13:03:42+00:00","og_image":[{"width":1701,"height":1018,"url":"https:\/\/frequence-sille.org\/newsite\/wp-content\/uploads\/2021\/11\/Voiture_de_la_Police_nationale.jpg","type":"image\/jpeg"}],"author":"Fr\u00e9quence Sill\u00e9","twitter_card":"summary_large_image","twitter_creator":"@freqsille979","twitter_site":"@freqsille979","twitter_misc":{"\u00c9crit par":"Fr\u00e9quence Sill\u00e9","Dur\u00e9e de lecture estim\u00e9e":"2 minutes"},"schema":{"@context":"https:\/\/schema.org","@graph":[{"@type":"Article","@id":"https:\/\/frequence-sille.org\/newsite\/2021\/11\/08\/linformation-condensee-lundi-8-novembre\/#article","isPartOf":{"@id":"https:\/\/frequence-sille.org\/newsite\/2021\/11\/08\/linformation-condensee-lundi-8-novembre\/"},"author":{"name":"Fr\u00e9quence Sill\u00e9","@id":"https:\/\/frequence-sille.org\/newsite\/#\/schema\/person\/b2ef2baba58f9c81a066ca894f156fc5"},"headline":"L&rsquo;actualit\u00e9 condens\u00e9e &#8211; Lundi 8 Novembre","datePublished":"2021-11-08T09:12:12+00:00","dateModified":"2023-12-04T13:03:42+00:00","mainEntityOfPage":{"@id":"https:\/\/frequence-sille.org\/newsite\/2021\/11\/08\/linformation-condensee-lundi-8-novembre\/"},"wordCount":337,"publisher":{"@id":"https:\/\/frequence-sille.org\/newsite\/#organization"},"image":{"@id":"https:\/\/frequence-sille.org\/newsite\/2021\/11\/08\/linformation-condensee-lundi-8-novembre\/#primaryimage"},"thumbnailUrl":"https:\/\/frequence-sille.org\/newsite\/wp-content\/uploads\/2021\/11\/Voiture_de_la_Police_nationale.jpg","articleSection":["Informations g\u00e9n\u00e9rales"],"inLanguage":"fr-FR"},{"@type":"WebPage","@id":"https:\/\/frequence-sille.org\/newsite\/2021\/11\/08\/linformation-condensee-lundi-8-novembre\/","url":"https:\/\/frequence-sille.org\/newsite\/2021\/11\/08\/linformation-condensee-lundi-8-novembre\/","name":"L'actualit\u00e9 condens\u00e9e - Lundi 8 Novembre - Fr\u00e9quence Sill\u00e9","isPartOf":{"@id":"https:\/\/frequence-sille.org\/newsite\/#website"},"primaryImageOfPage":{"@id":"https:\/\/frequence-sille.org\/newsite\/2021\/11\/08\/linformation-condensee-lundi-8-novembre\/#primaryimage"},"image":{"@id":"https:\/\/frequence-sille.org\/newsite\/2021\/11\/08\/linformation-condensee-lundi-8-novembre\/#primaryimage"},"thumbnailUrl":"https:\/\/frequence-sille.org\/newsite\/wp-content\/uploads\/2021\/11\/Voiture_de_la_Police_nationale.jpg","datePublished":"2021-11-08T09:12:12+00:00","dateModified":"2023-12-04T13:03:42+00:00","breadcrumb":{"@id":"https:\/\/frequence-sille.org\/newsite\/2021\/11\/08\/linformation-condensee-lundi-8-novembre\/#breadcrumb"},"inLanguage":"fr-FR","potentialAction":[{"@type":"ReadAction","target":["https:\/\/frequence-sille.org\/newsite\/2021\/11\/08\/linformation-condensee-lundi-8-novembre\/"]}]},{"@type":"ImageObject","inLanguage":"fr-FR","@id":"https:\/\/frequence-sille.org\/newsite\/2021\/11\/08\/linformation-condensee-lundi-8-novembre\/#primaryimage","url":"https:\/\/frequence-sille.org\/newsite\/wp-content\/uploads\/2021\/11\/Voiture_de_la_Police_nationale.jpg","contentUrl":"https:\/\/frequence-sille.org\/newsite\/wp-content\/uploads\/2021\/11\/Voiture_de_la_Police_nationale.jpg","width":1701,"height":1018},{"@type":"BreadcrumbList","@id":"https:\/\/frequence-sille.org\/newsite\/2021\/11\/08\/linformation-condensee-lundi-8-novembre\/#breadcrumb","itemListElement":[{"@type":"ListItem","position":1,"name":"Accueil","item":"https:\/\/frequence-sille.org\/newsite\/"},{"@type":"ListItem","position":2,"name":"L&#8217;actualit\u00e9 condens\u00e9e &#8211; Lundi 8 Novembre"}]},{"@type":"WebSite","@id":"https:\/\/frequence-sille.org\/newsite\/#website","url":"https:\/\/frequence-sille.org\/newsite\/","name":"Fr\u00e9quence Sill\u00e9","description":"Bien plus qu&#039;une radio...votre radio !","publisher":{"@id":"https:\/\/frequence-sille.org\/newsite\/#organization"},"potentialAction":[{"@type":"SearchAction","target":{"@type":"EntryPoint","urlTemplate":"https:\/\/frequence-sille.org\/newsite\/?s={search_term_string}"},"query-input":{"@type":"PropertyValueSpecification","valueRequired":true,"valueName":"search_term_string"}}],"inLanguage":"fr-FR"},{"@type":"Organization","@id":"https:\/\/frequence-sille.org\/newsite\/#organization","name":"Fr\u00e9quence Sill\u00e9","url":"https:\/\/frequence-sille.org\/newsite\/","logo":{"@type":"ImageObject","inLanguage":"fr-FR","@id":"https:\/\/frequence-sille.org\/newsite\/#\/schema\/logo\/image\/","url":"https:\/\/frequence-sille.org\/newsite\/wp-content\/uploads\/2023\/07\/LOGO_979_NOIR.png","contentUrl":"https:\/\/frequence-sille.org\/newsite\/wp-content\/uploads\/2023\/07\/LOGO_979_NOIR.png","width":7680,"height":4320,"caption":"Fr\u00e9quence Sill\u00e9"},"image":{"@id":"https:\/\/frequence-sille.org\/newsite\/#\/schema\/logo\/image\/"},"sameAs":["https:\/\/www.facebook.com\/frequencesille979fm","https:\/\/x.com\/freqsille979","https:\/\/www.instagram.com\/frequencesille\/"]},{"@type":"Person","@id":"https:\/\/frequence-sille.org\/newsite\/#\/schema\/person\/b2ef2baba58f9c81a066ca894f156fc5","name":"Fr\u00e9quence Sill\u00e9","image":{"@type":"ImageObject","inLanguage":"fr-FR","@id":"https:\/\/secure.gravatar.com\/avatar\/8edea065a20d07d283ef9c5595da1859244093fbe2c620eb7cb86d4a5cbb52d6?s=96&d=mm&r=g","url":"https:\/\/secure.gravatar.com\/avatar\/8edea065a20d07d283ef9c5595da1859244093fbe2c620eb7cb86d4a5cbb52d6?s=96&d=mm&r=g","contentUrl":"https:\/\/secure.gravatar.com\/avatar\/8edea065a20d07d283ef9c5595da1859244093fbe2c620eb7cb86d4a5cbb52d6?s=96&d=mm&r=g","caption":"Fr\u00e9quence Sill\u00e9"},"url":"https:\/\/frequence-sille.org\/newsite\/author\/frequenc\/"}]}},"_links":{"self":[{"href":"https:\/\/frequence-sille.org\/newsite\/wp-json\/wp\/v2\/posts\/8748","targetHints":{"allow":["GET"]}}],"collection":[{"href":"https:\/\/frequence-sille.org\/newsite\/wp-json\/wp\/v2\/posts"}],"about":[{"href":"https:\/\/frequence-sille.org\/newsite\/wp-json\/wp\/v2\/types\/post"}],"author":[{"embeddable":true,"href":"https:\/\/frequence-sille.org\/newsite\/wp-json\/wp\/v2\/users\/1"}],"replies":[{"embeddable":true,"href":"https:\/\/frequence-sille.org\/newsite\/wp-json\/wp\/v2\/comments?post=8748"}],"version-history":[{"count":3,"href":"https:\/\/frequence-sille.org\/newsite\/wp-json\/wp\/v2\/posts\/8748\/revisions"}],"predecessor-version":[{"id":11697,"href":"https:\/\/frequence-sille.org\/newsite\/wp-json\/wp\/v2\/posts\/8748\/revisions\/11697"}],"wp:featuredmedia":[{"embeddable":true,"href":"https:\/\/frequence-sille.org\/newsite\/wp-json\/wp\/v2\/media\/8749"}],"wp:attachment":[{"href":"https:\/\/frequence-sille.org\/newsite\/wp-json\/wp\/v2\/media?parent=8748"}],"wp:term":[{"taxonomy":"category","embeddable":true,"href":"https:\/\/frequence-sille.org\/newsite\/wp-json\/wp\/v2\/categories?post=8748"},{"taxonomy":"post_tag","embeddable":true,"href":"https:\/\/frequence-sille.org\/newsite\/wp-json\/wp\/v2\/tags?post=8748"}],"curies":[{"name":"wp","href":"https:\/\/api.w.org\/{rel}","templated":true}]}}